{"id":9933,"date":"2016-11-08T19:49:50","date_gmt":"2016-11-08T22:49:50","guid":{"rendered":"https:\/\/eldiariodesanpedro.com.ar\/sitio\/?p=9933"},"modified":"2016-11-08T19:49:50","modified_gmt":"2016-11-08T22:49:50","slug":"el-senado-postergo-el-debate-sobre-la-reforma-electoral","status":"publish","type":"post","link":"https:\/\/eldiariodesanpedro.com.ar\/sitio\/el-senado-postergo-el-debate-sobre-la-reforma-electoral\/","title":{"rendered":"El Senado posterg\u00f3 el debate sobre la reforma electoral"},"content":{"rendered":"<p><!-- VideographyWP Plugin Message: Automatic video embedding prevented by plugin options. --><br \/>\n(T\u00e9lam) &#8211; El plenario de comisiones del Senado que ten\u00eda previsto avanzar este martes en el tratamiento del proyecto de ley de reforma electoral fue suspendido por disposici\u00f3n del Frente para la Victoria, con el argumento de la ausencia de senadores.<\/p>\n<p>   El plenario de comisiones del Senado que ten\u00eda previsto avanzar este martes en el tratamiento del proyecto de ley de reforma electoral fue suspendido por disposici\u00f3n del Frente para la Victoria, con el argumento de la ausencia de senadores.<\/p>\n<p>   La Comisi\u00f3n de Asuntos Constitucionales, que preside el senador del kirchnerismo Marcelo Fuentes, inform\u00f3 a trav\u00e9s de un comunicado que el motivo de la suspensi\u00f3n fue la \u00abausencia significativa de senadores por razones de diversa \u00edndole\u00bb.<\/p>\n<p>   No obstante, fuentes de Cambiemos no descartaron que, en verdad, la decisi\u00f3n de postergar el debate en comisi\u00f3n obedezca a una maniobra dilatoria de la oposici\u00f3n para no avanzar en la reforma, que el oficialismo aspira a convertir en ley en las pr\u00f3ximas semanas.<\/p>\n<p>   De hecho, la suspensi\u00f3n alterar\u00e1 el cronograma informado inicialmente desde el oficialismo para este debate, que preve\u00eda la firma de dict\u00e1menes para el martes pr\u00f3ximo con la intenci\u00f3n de llevarlos a recinto en la sesi\u00f3n del mi\u00e9rcoles 23 de noviembre, poco antes del fin de per\u00edodo ordinario de sesiones.<\/p>\n<p>   En el comunicado oficial elaborado por la comisi\u00f3n que preside Fuentes, se indic\u00f3 que el plenario de las comisiones de Asuntos Constitucionales, Presupuesto y Hacienda, Justicia y Asuntos Penales y de la Banca de la Mujer -previsto para las 13 y para el jueves a las 13- fue pospuesto para la semana pr\u00f3xima.<\/p>\n<p>   \u00abAtento a la cantidad de invitados a exponer confirmados, m\u00e1s de treinta al d\u00eda de la fecha, una vez finalizadas las exposiciones previstas para el d\u00eda martes 15 de noviembre, a las 14, se continuar\u00e1 con los invitados restantes el pr\u00f3ximo jueves 17 de noviembre, a las 13 horas, en el sal\u00f3n de las Provincias\u00bb, expres\u00f3 el cuerpo asesor en el texto.<\/p>\n<p>   El plenario ten\u00eda previsto debatir una serie de proyectos orientados a modificar la ley electoral, incluyendo uno que ya cuenta con media sanci\u00f3n de Diputados e introduce el uso de la boleta electr\u00f3nica y la paridad de g\u00e9nero en las listas.<\/p>\n","protected":false},"excerpt":{"rendered":"<p>(T\u00e9lam) &#8211; El plenario de comisiones del Senado que ten\u00eda previsto avanzar este martes en el tratamiento del proyecto de ley de reforma electoral fue suspendido por disposici\u00f3n del Frente para la Victoria, con el argumento de la ausencia de senadores. El plenario de comisiones del Senado que ten\u00eda previsto avanzar este martes en el [&hellip;]<\/p>\n","protected":false},"author":4,"featured_media":9934,"comment_status":"open","ping_status":"closed","sticky":false,"template":"","format":"standard","meta":{"om_disable_all_campaigns":false,"_jetpack_memberships_contains_paid_content":false,"footnotes":""},"categories":[3],"tags":[],"class_list":["post-9933","post","type-post","status-publish","format-standard","has-post-thumbnail","hentry","category-nacionales"],"aioseo_notices":[],"gutentor_comment":0,"jetpack_featured_media_url":"https:\/\/eldiariodesanpedro.com.ar\/sitio\/wp-content\/uploads\/2016\/11\/Senado.jpg","jetpack_shortlink":"https:\/\/wp.me\/p6RhLt-2Ad","jetpack_sharing_enabled":true,"_links":{"self":[{"href":"https:\/\/eldiariodesanpedro.com.ar\/sitio\/wp-json\/wp\/v2\/posts\/9933","targetHints":{"allow":["GET"]}}],"collection":[{"href":"https:\/\/eldiariodesanpedro.com.ar\/sitio\/wp-json\/wp\/v2\/posts"}],"about":[{"href":"https:\/\/eldiariodesanpedro.com.ar\/sitio\/wp-json\/wp\/v2\/types\/post"}],"author":[{"embeddable":true,"href":"https:\/\/eldiariodesanpedro.com.ar\/sitio\/wp-json\/wp\/v2\/users\/4"}],"replies":[{"embeddable":true,"href":"https:\/\/eldiariodesanpedro.com.ar\/sitio\/wp-json\/wp\/v2\/comments?post=9933"}],"version-history":[{"count":1,"href":"https:\/\/eldiariodesanpedro.com.ar\/sitio\/wp-json\/wp\/v2\/posts\/9933\/revisions"}],"predecessor-version":[{"id":9935,"href":"https:\/\/eldiariodesanpedro.com.ar\/sitio\/wp-json\/wp\/v2\/posts\/9933\/revisions\/9935"}],"wp:featuredmedia":[{"embeddable":true,"href":"https:\/\/eldiariodesanpedro.com.ar\/sitio\/wp-json\/wp\/v2\/media\/9934"}],"wp:attachment":[{"href":"https:\/\/eldiariodesanpedro.com.ar\/sitio\/wp-json\/wp\/v2\/media?parent=9933"}],"wp:term":[{"taxonomy":"category","embeddable":true,"href":"https:\/\/eldiariodesanpedro.com.ar\/sitio\/wp-json\/wp\/v2\/categories?post=9933"},{"taxonomy":"post_tag","embeddable":true,"href":"https:\/\/eldiariodesanpedro.com.ar\/sitio\/wp-json\/wp\/v2\/tags?post=9933"}],"curies":[{"name":"wp","href":"https:\/\/api.w.org\/{rel}","templated":true}]}}