{"id":99322,"date":"2021-09-21T19:16:17","date_gmt":"2021-09-21T22:16:17","guid":{"rendered":"https:\/\/eldiariodesanpedro.com.ar\/sitio\/?p=99322"},"modified":"2021-09-21T19:16:21","modified_gmt":"2021-09-21T22:16:21","slug":"operativo-de-la-direccion-de-transito-y-nocturnidad-por-los-festejos-del-dia-de-la-primavera","status":"publish","type":"post","link":"https:\/\/eldiariodesanpedro.com.ar\/sitio\/operativo-de-la-direccion-de-transito-y-nocturnidad-por-los-festejos-del-dia-de-la-primavera\/","title":{"rendered":"Operativo de la Direcci\u00f3n de Tr\u00e1nsito y Nocturnidad por los festejos del d\u00eda de la primavera"},"content":{"rendered":"<!-- VideographyWP Plugin Message: Automatic video embedding prevented by plugin options. -->\n\n<p>La Direcci\u00f3n de Tr\u00e1nsito y Nocturnidad y la Secretar\u00eda de Seguridad de la Municipalidad de San Pedro llevar\u00e1n adelante un nuevo operativo con controles en distintos puntos de la ciudad en el marco de los festejos que se llevar\u00e1n a cabo por el d\u00eda de la primavera. Los agentes realizar\u00e1n controles de alcoholemia, se exigir\u00e1 la portaci\u00f3n de toda la documentaci\u00f3n obligatoria para todo tipo de veh\u00edculos y el uso del casco obligatorio en motos y ciclomotores.<\/p>\n\n\n\n<p>La comunicaci\u00f3n anticipada de este operativo se efect\u00faa a los efectos de que todos los vecinos y vecinas de San Pedro tomen las precauciones correspondientes para evitar sanciones y la retenci\u00f3n de veh\u00edculos.<\/p>\n","protected":false},"excerpt":{"rendered":"<p>La Direcci\u00f3n de Tr\u00e1nsito y Nocturnidad y la Secretar\u00eda de Seguridad de la Municipalidad de San Pedro llevar\u00e1n adelante un nuevo operativo con controles en distintos puntos de la ciudad en el marco de los festejos que se llevar\u00e1n a cabo por el d\u00eda de la primavera. Los agentes realizar\u00e1n controles de alcoholemia, se exigir\u00e1 [&hellip;]<\/p>\n","protected":false},"author":4,"featured_media":99323,"comment_status":"closed","ping_status":"closed","sticky":false,"template":"","format":"standard","meta":{"om_disable_all_campaigns":false,"_jetpack_memberships_contains_paid_content":false,"footnotes":""},"categories":[101,2],"tags":[197,696,33,19],"class_list":["post-99322","post","type-post","status-publish","format-standard","has-post-thumbnail","hentry","category-interes-general-locales","category-locales","tag-buenos-aires","tag-interes-general","tag-locales","tag-san-pedro"],"aioseo_notices":[],"gutentor_comment":0,"jetpack_featured_media_url":"https:\/\/eldiariodesanpedro.com.ar\/sitio\/wp-content\/uploads\/2021\/09\/dia-del-estudiante-nota.jpg","jetpack_shortlink":"https:\/\/wp.me\/p6RhLt-pPY","jetpack_sharing_enabled":true,"_links":{"self":[{"href":"https:\/\/eldiariodesanpedro.com.ar\/sitio\/wp-json\/wp\/v2\/posts\/99322","targetHints":{"allow":["GET"]}}],"collection":[{"href":"https:\/\/eldiariodesanpedro.com.ar\/sitio\/wp-json\/wp\/v2\/posts"}],"about":[{"href":"https:\/\/eldiariodesanpedro.com.ar\/sitio\/wp-json\/wp\/v2\/types\/post"}],"author":[{"embeddable":true,"href":"https:\/\/eldiariodesanpedro.com.ar\/sitio\/wp-json\/wp\/v2\/users\/4"}],"replies":[{"embeddable":true,"href":"https:\/\/eldiariodesanpedro.com.ar\/sitio\/wp-json\/wp\/v2\/comments?post=99322"}],"version-history":[{"count":1,"href":"https:\/\/eldiariodesanpedro.com.ar\/sitio\/wp-json\/wp\/v2\/posts\/99322\/revisions"}],"predecessor-version":[{"id":99324,"href":"https:\/\/eldiariodesanpedro.com.ar\/sitio\/wp-json\/wp\/v2\/posts\/99322\/revisions\/99324"}],"wp:featuredmedia":[{"embeddable":true,"href":"https:\/\/eldiariodesanpedro.com.ar\/sitio\/wp-json\/wp\/v2\/media\/99323"}],"wp:attachment":[{"href":"https:\/\/eldiariodesanpedro.com.ar\/sitio\/wp-json\/wp\/v2\/media?parent=99322"}],"wp:term":[{"taxonomy":"category","embeddable":true,"href":"https:\/\/eldiariodesanpedro.com.ar\/sitio\/wp-json\/wp\/v2\/categories?post=99322"},{"taxonomy":"post_tag","embeddable":true,"href":"https:\/\/eldiariodesanpedro.com.ar\/sitio\/wp-json\/wp\/v2\/tags?post=99322"}],"curies":[{"name":"wp","href":"https:\/\/api.w.org\/{rel}","templated":true}]}}