{"id":99319,"date":"2021-09-21T19:05:26","date_gmt":"2021-09-21T22:05:26","guid":{"rendered":"https:\/\/eldiariodesanpedro.com.ar\/sitio\/?p=99319"},"modified":"2021-09-21T19:05:31","modified_gmt":"2021-09-21T22:05:31","slug":"capacitacion-buenas-practicas-de-manufactura-del-departamento-de-bromatologia-2","status":"publish","type":"post","link":"https:\/\/eldiariodesanpedro.com.ar\/sitio\/capacitacion-buenas-practicas-de-manufactura-del-departamento-de-bromatologia-2\/","title":{"rendered":"Capacitaci\u00f3n Buenas Pr\u00e1cticas de Manufactura del Departamento de Bromatolog\u00eda"},"content":{"rendered":"<!-- VideographyWP Plugin Message: Automatic video embedding prevented by plugin options. -->\n\n<p>La Secretar\u00eda de Salud de la Municipalidad de San Pedro, a trav\u00e9s de su Departamento de Bromatolog\u00eda e Higiene informa que se realizar\u00e1 el curso de Buenas Pr\u00e1cticas de Manufactura, el cual es requisito obligatorio para todo aquel que se desempe\u00f1e en la manipulaci\u00f3n de alimentos.<\/p>\n\n\n\n<p>Para la realizaci\u00f3n del curso deber\u00e1n anotarse previamente en la oficina de Bromatolog\u00eda ubicada en calle Bartolom\u00e9 Mitre 1995 y se llevar\u00e1 a cabo en el Hotel Howard Johnson de calle Bartolom\u00e9 Mitre 425 de 14.30 a 17.00 hs.<\/p>\n\n\n\n<p>Esta capacitaci\u00f3n consta de dos jornadas establecidas para los d\u00edas mi\u00e9rcoles 29 y jueves 30 de septiembre y deber\u00e1n concurrir con el material necesario para tomar apuntes.<br>En caso de dudas o consultas se podr\u00e1n comunicar con el Departamento de Bromatolog\u00eda por mail a bromatologiasanpedro@gmail.com o llamando al 3329-425450.<\/p>\n","protected":false},"excerpt":{"rendered":"<p>La Secretar\u00eda de Salud de la Municipalidad de San Pedro, a trav\u00e9s de su Departamento de Bromatolog\u00eda e Higiene informa que se realizar\u00e1 el curso de Buenas Pr\u00e1cticas de Manufactura, el cual es requisito obligatorio para todo aquel que se desempe\u00f1e en la manipulaci\u00f3n de alimentos. Para la realizaci\u00f3n del curso deber\u00e1n anotarse previamente en [&hellip;]<\/p>\n","protected":false},"author":4,"featured_media":99320,"comment_status":"closed","ping_status":"closed","sticky":false,"template":"","format":"standard","meta":{"om_disable_all_campaigns":false,"_jetpack_memberships_contains_paid_content":false,"footnotes":""},"categories":[101,2],"tags":[197,696,33,19],"class_list":["post-99319","post","type-post","status-publish","format-standard","has-post-thumbnail","hentry","category-interes-general-locales","category-locales","tag-buenos-aires","tag-interes-general","tag-locales","tag-san-pedro"],"aioseo_notices":[],"gutentor_comment":0,"jetpack_featured_media_url":"https:\/\/eldiariodesanpedro.com.ar\/sitio\/wp-content\/uploads\/2021\/09\/MANIPULACION.jpg","jetpack_shortlink":"https:\/\/wp.me\/p6RhLt-pPV","jetpack_sharing_enabled":true,"_links":{"self":[{"href":"https:\/\/eldiariodesanpedro.com.ar\/sitio\/wp-json\/wp\/v2\/posts\/99319","targetHints":{"allow":["GET"]}}],"collection":[{"href":"https:\/\/eldiariodesanpedro.com.ar\/sitio\/wp-json\/wp\/v2\/posts"}],"about":[{"href":"https:\/\/eldiariodesanpedro.com.ar\/sitio\/wp-json\/wp\/v2\/types\/post"}],"author":[{"embeddable":true,"href":"https:\/\/eldiariodesanpedro.com.ar\/sitio\/wp-json\/wp\/v2\/users\/4"}],"replies":[{"embeddable":true,"href":"https:\/\/eldiariodesanpedro.com.ar\/sitio\/wp-json\/wp\/v2\/comments?post=99319"}],"version-history":[{"count":1,"href":"https:\/\/eldiariodesanpedro.com.ar\/sitio\/wp-json\/wp\/v2\/posts\/99319\/revisions"}],"predecessor-version":[{"id":99321,"href":"https:\/\/eldiariodesanpedro.com.ar\/sitio\/wp-json\/wp\/v2\/posts\/99319\/revisions\/99321"}],"wp:featuredmedia":[{"embeddable":true,"href":"https:\/\/eldiariodesanpedro.com.ar\/sitio\/wp-json\/wp\/v2\/media\/99320"}],"wp:attachment":[{"href":"https:\/\/eldiariodesanpedro.com.ar\/sitio\/wp-json\/wp\/v2\/media?parent=99319"}],"wp:term":[{"taxonomy":"category","embeddable":true,"href":"https:\/\/eldiariodesanpedro.com.ar\/sitio\/wp-json\/wp\/v2\/categories?post=99319"},{"taxonomy":"post_tag","embeddable":true,"href":"https:\/\/eldiariodesanpedro.com.ar\/sitio\/wp-json\/wp\/v2\/tags?post=99319"}],"curies":[{"name":"wp","href":"https:\/\/api.w.org\/{rel}","templated":true}]}}