{"id":99310,"date":"2021-09-21T12:20:28","date_gmt":"2021-09-21T15:20:28","guid":{"rendered":"https:\/\/eldiariodesanpedro.com.ar\/sitio\/?p=99310"},"modified":"2021-09-21T12:24:58","modified_gmt":"2021-09-21T15:24:58","slug":"convocatoria-a-elecciones-en-u-t-h-g-r-a","status":"publish","type":"post","link":"https:\/\/eldiariodesanpedro.com.ar\/sitio\/convocatoria-a-elecciones-en-u-t-h-g-r-a\/","title":{"rendered":"Convocatoria a elecciones en U.T.H.G.R.A."},"content":{"rendered":"<!-- VideographyWP Plugin Message: Automatic video embedding prevented by plugin options. -->\n\n<p>LA JUNTA ELECTORAL DE LA SECCIONAL SAN NICOLAS DE LA UNION DE TRABAJADORES DEL TURISMO HOTELEROS Y GASTRONOMICOS DE LA REPUBLICA ARGENTINA (U.T.H.G.R.A.) CONVOCA:<\/p>\n\n\n\n<p>1\u00ba) A elecciones para renovar las autoridades (E.S. Art. 96\u00ba) de la Comisi\u00f3n Ejecutiva de la Seccional San Nicol\u00e1s, y la elecci\u00f3n de Delegados Congresales que se realizar\u00e1n durante el d\u00eda 2 de diciembre de 2021 en el horario general de 8.00 a 18.00 horas, salvo cuando se consigne uno especial al lado del lugar de votaci\u00f3n.&nbsp;&nbsp;<\/p>\n\n\n\n<p>2\u00ba) Se elegir\u00e1n doce (12) miembros titulares y tres (3) suplentes para cubrir los cargos de la Comisi\u00f3n Ejecutiva de la Seccional: <strong>Secretario General, Secretario Adjunto, Secretario de Asistencia Social, Secretario Gremial, Secretario Administrativo,&nbsp; Secretario de Cultura, Prensa y Propaganda, Secretario de Finanzas, Secretario de Capacitaci\u00f3n y Formaci\u00f3n Profesional, Secretario de Organizaci\u00f3n, Secretario de Actas y Afiliaciones,&nbsp; dos (2) Vocales Titulares y tres (3) suplentes(**) (E.S. Art. 40\u00ba y 41\u00ba), 1 Delegados Congresales titulares (UNO) y 1 suplentes(UNO)<\/strong>,&nbsp; todos con mandato de cuatro a\u00f1os a partir del 15 de diciembre de 2021 y hasta el 14 de diciembre de 2025 (E.S. Arts. 10\u00ba, 12\u00ba y 96\u00ba).<\/p>\n\n\n\n<p>3\u00ba) La elecci\u00f3n se har\u00e1 por el voto directo y secreto de todos los afiliados inscriptos en el padr\u00f3n hasta el 2 de junio de 2021.<\/p>\n\n\n\n<p>4\u00ba) Las mesas receptoras de votos se instalar\u00e1n en:<\/p>\n\n\n\n<ul class=\"wp-block-list\"><li>Seccional San Nicol\u00e1s \/ Echeverr\u00eda 64 (San Nicol\u00e1s) 02\/12\/21 &#8211;&nbsp; 08:00 a 18 hs &#8211;<\/li><li>Sodexo &#8211; Ternium Siderar \/ Av. Savio 2900 (San Nicol\u00e1s) 02\/12\/21. &#8211; 13:00 a 15:00 Hs &#8211;<\/li><li>Hotel Siria \/ Gomendio 1132 (Ramallo) 02\/12\/21. &#8211; 08:00 a 12:00 hs &#8211;&nbsp;<\/li><li>Sub Seccional San Pedro \/ Av. 3 de febrero 160 (San Pedro) 02\/12\/21. &#8211; 08:00 a 18:00 hs &#8211;<\/li><li>Restaurante El Artesano \/ Anchorena 1461 (Baradero) 02\/12\/21. &#8211; 08:00 a 12:00 hs &#8211;&nbsp;<\/li><\/ul>\n\n\n\n<p>5\u00ba) El padr\u00f3n provisorio estar\u00e1 en exhibici\u00f3n en la sede de la Seccional a partir de esta publicaci\u00f3n y hasta el quinto d\u00eda h\u00e1bil inclusive.<\/p>\n\n\n\n<p>6\u00ba) A partir de esta publicaci\u00f3n y hasta las 24 horas del d\u00e9cimo d\u00eda h\u00e1bil posterior a la publicaci\u00f3n, se podr\u00e1 efectuar la presentaci\u00f3n de listas y oficializaci\u00f3n, ajust\u00e1ndose a las pautas fijadas en el&nbsp; art. 91\u00ba del E.S., estando a disposici\u00f3n de los apoderados de listas los formularios de rigor.<\/p>\n\n\n\n<p>7\u00ba) La Junta Electoral, atender\u00e1 los d\u00edas Martes, Mi\u00e9rcoles y Viernes en la sede sindical (Echeverria 64) en el horario de 09:00 a 11:00 salvo el d\u00eda 5 de octubre de 2021, en que el horario se extender\u00e1 hasta las 24.00 hs., al solo efecto de recibir presentaciones de listas.<\/p>\n\n\n\n<p>D\u00f1a. Pelozo, Milagros Andrea <br>Presidente Junta Electoral <br>Seccional San Nicol\u00e1s.-<\/p>\n","protected":false},"excerpt":{"rendered":"<p>LA JUNTA ELECTORAL DE LA SECCIONAL SAN NICOLAS DE LA UNION DE TRABAJADORES DEL TURISMO HOTELEROS Y GASTRONOMICOS DE LA REPUBLICA ARGENTINA (U.T.H.G.R.A.) CONVOCA: 1\u00ba) A elecciones para renovar las autoridades (E.S. Art. 96\u00ba) de la Comisi\u00f3n Ejecutiva de la Seccional San Nicol\u00e1s, y la elecci\u00f3n de Delegados Congresales que se realizar\u00e1n durante el d\u00eda [&hellip;]<\/p>\n","protected":false},"author":4,"featured_media":99311,"comment_status":"closed","ping_status":"closed","sticky":false,"template":"","format":"standard","meta":{"om_disable_all_campaigns":false,"_jetpack_memberships_contains_paid_content":false,"footnotes":""},"categories":[678,676],"tags":[],"class_list":["post-99310","post","type-post","status-publish","format-standard","has-post-thumbnail","hentry","category-convocatorias","category-edictos"],"aioseo_notices":[],"gutentor_comment":0,"jetpack_featured_media_url":"https:\/\/eldiariodesanpedro.com.ar\/sitio\/wp-content\/uploads\/2021\/09\/UTGRA-Convocatoria.jpg","jetpack_shortlink":"https:\/\/wp.me\/p6RhLt-pPM","jetpack_sharing_enabled":true,"_links":{"self":[{"href":"https:\/\/eldiariodesanpedro.com.ar\/sitio\/wp-json\/wp\/v2\/posts\/99310","targetHints":{"allow":["GET"]}}],"collection":[{"href":"https:\/\/eldiariodesanpedro.com.ar\/sitio\/wp-json\/wp\/v2\/posts"}],"about":[{"href":"https:\/\/eldiariodesanpedro.com.ar\/sitio\/wp-json\/wp\/v2\/types\/post"}],"author":[{"embeddable":true,"href":"https:\/\/eldiariodesanpedro.com.ar\/sitio\/wp-json\/wp\/v2\/users\/4"}],"replies":[{"embeddable":true,"href":"https:\/\/eldiariodesanpedro.com.ar\/sitio\/wp-json\/wp\/v2\/comments?post=99310"}],"version-history":[{"count":2,"href":"https:\/\/eldiariodesanpedro.com.ar\/sitio\/wp-json\/wp\/v2\/posts\/99310\/revisions"}],"predecessor-version":[{"id":99313,"href":"https:\/\/eldiariodesanpedro.com.ar\/sitio\/wp-json\/wp\/v2\/posts\/99310\/revisions\/99313"}],"wp:featuredmedia":[{"embeddable":true,"href":"https:\/\/eldiariodesanpedro.com.ar\/sitio\/wp-json\/wp\/v2\/media\/99311"}],"wp:attachment":[{"href":"https:\/\/eldiariodesanpedro.com.ar\/sitio\/wp-json\/wp\/v2\/media?parent=99310"}],"wp:term":[{"taxonomy":"category","embeddable":true,"href":"https:\/\/eldiariodesanpedro.com.ar\/sitio\/wp-json\/wp\/v2\/categories?post=99310"},{"taxonomy":"post_tag","embeddable":true,"href":"https:\/\/eldiariodesanpedro.com.ar\/sitio\/wp-json\/wp\/v2\/tags?post=99310"}],"curies":[{"name":"wp","href":"https:\/\/api.w.org\/{rel}","templated":true}]}}