{"id":9930,"date":"2016-11-08T19:48:48","date_gmt":"2016-11-08T22:48:48","guid":{"rendered":"https:\/\/eldiariodesanpedro.com.ar\/sitio\/?p=9930"},"modified":"2016-11-08T19:50:14","modified_gmt":"2016-11-08T22:50:14","slug":"carlotto-califico-como-una-provocacion-el-informe-sobre-el-numero-de-desaparecidos","status":"publish","type":"post","link":"https:\/\/eldiariodesanpedro.com.ar\/sitio\/carlotto-califico-como-una-provocacion-el-informe-sobre-el-numero-de-desaparecidos\/","title":{"rendered":"Carlotto calific\u00f3 como una \u00abprovocaci\u00f3n\u00bb el informe sobre el n\u00famero de desaparecidos"},"content":{"rendered":"<p><!-- VideographyWP Plugin Message: Automatic video embedding prevented by plugin options. --><br \/>\n(T\u00e9lam) &#8211; La titular de Abuelas de Plaza de Mayo cuestion\u00f3 el informe de la Secretar\u00eda de Derechos Humanos que estableci\u00f3 que hubo 7.010 desaparecidos entre 1973 y 1983, al considerar que forma parte de \u00abuna campa\u00f1a de bastardeo y desprestigio\u00bb que tiene como fin \u00abdecir Nunca M\u00e1s\u00bb a los organismos que buscan a sus familiares.<\/p>\n<p>   \u00abQuieren hacernos quedar como mentirosas, inventoras de historias. Se han atrevido a decir que nuestros hijos est\u00e1n vivos en el exterior disfrutando de 40 a\u00f1os de ausencia cuando los propios asesinos dijeron que eran 45.000 entre muertos y desaparecidos y las Naciones Unidas registraban m\u00e1s de 15.000\u00bb, asegur\u00f3 la dirigente en declaraciones formuladas este martes por la ma\u00f1ana a las radios 10 y Provincia.<\/p>\n<p>   Carlotto se refiri\u00f3 as\u00ed a un comunicado firmado por el titular de la Secretar\u00eda, Claudio Avruj, que, ante el pedido de la asociaci\u00f3n civil Ciudadanos Libres por la Calidad Institucional, precis\u00f3 la cantidad de desaparecidos y asesinados durante la \u00faltima dictadura y en los a\u00f1os anteriores al Golpe.<\/p>\n<p>   El pedido realizado por la asociaci\u00f3n, en base al derecho de acceso a la informaci\u00f3n p\u00fablica, persegu\u00eda que se diera a conocer la cantidad de desaparecidos desde el gobierno constitucional de H\u00e9ctor C\u00e1mpora, en 1973, hasta la recuperaci\u00f3n de la democracia, en 1983.<\/p>\n<p>   El documento de la Secretar\u00eda de Derechos Humanos indic\u00f3 que se produjeron \u00ab7.010 desapariciones forzadas y 1.561 asesinatos sin mediar desaparici\u00f3n forzada, lo que hace un total, para ambos per\u00edodos, de 8.571 v\u00edctimas de terrorismo de Estado\u00bb, aunque aclara que \u00abno debe considerarse definitivo\u00bb ya que \u00abse siguen recibiendo nuevas denuncias\u00bb.<\/p>\n<p>   \u00abLas estad\u00edsticas nosotros las hacemos en base a nuestra propia informaci\u00f3n porque jam\u00e1s los asesinos declararon el tema sino que siendo juzgados y condenados quedan en silencio\u00bb, apunt\u00f3 y analiz\u00f3 que \u00abesto es una provocaci\u00f3n, una persecuci\u00f3n, d\u00e1ndole respuesta a un grupo desconocido de abogados que le piden informaci\u00f3n sin una justa demanda\u00bb.<\/p>\n<p>   Carlotto tambi\u00e9n cuestion\u00f3 la celeridad con la que el Gobierno dio respuesta al pedido de la ONG Ciudadanos Libres, que hab\u00eda presentado una solicitud de informaci\u00f3n p\u00fablica al aseverar que \u201chan pasado 40 a\u00f1os, esta gente antes no pregunt\u00f3 nada y ahora empieza a preguntar, y el Estado urgentemente le responde cuando a nosotros nos tardan a\u00f1os en darnos una respuesta satisfactoria\u201d.<\/p>\n<p>   \u00abEl Nunca M\u00e1s lo quieren para nosotras: nunca m\u00e1s hablen, vayan a sus casas y dejen de perseguir a los j\u00f3venes\u00bb, dijo Carlotto al entender que el Gobierno les \u00abtiene miedo\u00bb a los organismos de derechos humanos.<\/p>\n","protected":false},"excerpt":{"rendered":"<p>(T\u00e9lam) &#8211; La titular de Abuelas de Plaza de Mayo cuestion\u00f3 el informe de la Secretar\u00eda de Derechos Humanos que estableci\u00f3 que hubo 7.010 desaparecidos entre 1973 y 1983, al considerar que forma parte de \u00abuna campa\u00f1a de bastardeo y desprestigio\u00bb que tiene como fin \u00abdecir Nunca M\u00e1s\u00bb a los organismos que buscan a sus [&hellip;]<\/p>\n","protected":false},"author":4,"featured_media":9931,"comment_status":"open","ping_status":"closed","sticky":false,"template":"","format":"standard","meta":{"om_disable_all_campaigns":false,"_jetpack_memberships_contains_paid_content":false,"footnotes":""},"categories":[3],"tags":[],"class_list":["post-9930","post","type-post","status-publish","format-standard","has-post-thumbnail","hentry","category-nacionales"],"aioseo_notices":[],"gutentor_comment":0,"jetpack_featured_media_url":"https:\/\/eldiariodesanpedro.com.ar\/sitio\/wp-content\/uploads\/2016\/11\/Estela-de-Carlotto.jpg","jetpack_shortlink":"https:\/\/wp.me\/p6RhLt-2Aa","jetpack_sharing_enabled":true,"_links":{"self":[{"href":"https:\/\/eldiariodesanpedro.com.ar\/sitio\/wp-json\/wp\/v2\/posts\/9930","targetHints":{"allow":["GET"]}}],"collection":[{"href":"https:\/\/eldiariodesanpedro.com.ar\/sitio\/wp-json\/wp\/v2\/posts"}],"about":[{"href":"https:\/\/eldiariodesanpedro.com.ar\/sitio\/wp-json\/wp\/v2\/types\/post"}],"author":[{"embeddable":true,"href":"https:\/\/eldiariodesanpedro.com.ar\/sitio\/wp-json\/wp\/v2\/users\/4"}],"replies":[{"embeddable":true,"href":"https:\/\/eldiariodesanpedro.com.ar\/sitio\/wp-json\/wp\/v2\/comments?post=9930"}],"version-history":[{"count":1,"href":"https:\/\/eldiariodesanpedro.com.ar\/sitio\/wp-json\/wp\/v2\/posts\/9930\/revisions"}],"predecessor-version":[{"id":9932,"href":"https:\/\/eldiariodesanpedro.com.ar\/sitio\/wp-json\/wp\/v2\/posts\/9930\/revisions\/9932"}],"wp:featuredmedia":[{"embeddable":true,"href":"https:\/\/eldiariodesanpedro.com.ar\/sitio\/wp-json\/wp\/v2\/media\/9931"}],"wp:attachment":[{"href":"https:\/\/eldiariodesanpedro.com.ar\/sitio\/wp-json\/wp\/v2\/media?parent=9930"}],"wp:term":[{"taxonomy":"category","embeddable":true,"href":"https:\/\/eldiariodesanpedro.com.ar\/sitio\/wp-json\/wp\/v2\/categories?post=9930"},{"taxonomy":"post_tag","embeddable":true,"href":"https:\/\/eldiariodesanpedro.com.ar\/sitio\/wp-json\/wp\/v2\/tags?post=9930"}],"curies":[{"name":"wp","href":"https:\/\/api.w.org\/{rel}","templated":true}]}}