{"id":9928,"date":"2016-11-08T19:17:01","date_gmt":"2016-11-08T22:17:01","guid":{"rendered":"https:\/\/eldiariodesanpedro.com.ar\/sitio\/?p=9928"},"modified":"2026-01-24T00:32:26","modified_gmt":"2026-01-24T03:32:26","slug":"san-pedro-va-por-el-titulo-y-por-la-clasificacion-a-la-final-nacional","status":"publish","type":"post","link":"https:\/\/eldiariodesanpedro.com.ar\/sitio\/san-pedro-va-por-el-titulo-y-por-la-clasificacion-a-la-final-nacional\/","title":{"rendered":"San Pedro va por el t\u00edtulo y por la clasificaci\u00f3n a la final nacional"},"content":{"rendered":"<p><!-- VideographyWP Plugin Message: Automatic video embedding prevented by plugin options. --><br \/>\nHoy puede ser un d\u00eda de consagraci\u00f3n para el selectivo de la Liga Deportiva Sampedrina, cuando a las 19.30 enfrente al selectivo de Rojas en cancha del club Jorge Newbery de esa ciudad en el partido revancha de la final del torneo sub 15 que coordina en su primera etapa Federaci\u00f3n Norte y que organiza AFA. <\/p>\n<p>San Pedro gan\u00f3 el partido de ida 4 a 1, logrando una importante diferencia, pero en esta instancia los que llegaron lo hicieron luego de una brillante campa\u00f1a, por ello no debe quedarse en esa diferencia, inclusive el rival le gan\u00f3 en semifinales a Pergamino por goleada, una de las selecciones candidatas que ten\u00eda el torneo. <\/p>\n<p>Pero le tenemos mucha fe a nuestros chicos, ya que cabe destacar que el seleccionado rojo y negro sali\u00f3 en cada cancha a ganar, nunca especul\u00f3, con un equipo muy parejo en sus l\u00edneas gan\u00f3 de visitante en todas las instancias, incluido Jun\u00edn y San Nicol\u00e1s en cuartos y semifinales respectivamente, por nombrar a dos ligas fuertes de la provincia. <\/p>\n<p>El t\u00e9cnico Gerardo Bian no confirm\u00f3 qui\u00e9n suplantar\u00e1 a uno de los jugadores m\u00e1s parejo que tuvo el seleccionado, el volante central Nicol\u00e1s Dom\u00ednguez, expulsado en el partido de ida, pero tambi\u00e9n es noble destacar que cada jugador, de los 25 que jugaron, todos lo hicieron en un buen nivel.<\/p>\n<p>El equipo ganador de la regi\u00f3n clasifica a la etapa final del nacional, con solo 10 equipos de todo el pa\u00eds, jug\u00e1ndose en Trelew o Ezeiza, a\u00fan a confirmar por AFA, pero tambi\u00e9n a la final Provincial que organiza el Gobierno Bonaerense con 8 ligas en Mar del Plata.<\/p>\n","protected":false},"excerpt":{"rendered":"<p>Hoy puede ser un d\u00eda de consagraci\u00f3n para el selectivo de la Liga Deportiva Sampedrina, cuando a las 19.30 enfrente al selectivo de Rojas en cancha del club Jorge Newbery de esa ciudad en el partido revancha de la final del torneo sub 15 que coordina en su primera etapa Federaci\u00f3n Norte y que organiza [&hellip;]<\/p>\n","protected":false},"author":4,"featured_media":0,"comment_status":"open","ping_status":"closed","sticky":false,"template":"","format":"standard","meta":{"om_disable_all_campaigns":false,"_jetpack_memberships_contains_paid_content":false,"footnotes":""},"categories":[5],"tags":[],"class_list":["post-9928","post","type-post","status-publish","format-standard","hentry","category-deportes"],"aioseo_notices":[],"gutentor_comment":0,"jetpack_featured_media_url":"","jetpack_shortlink":"https:\/\/wp.me\/p6RhLt-2A8","jetpack_sharing_enabled":true,"_links":{"self":[{"href":"https:\/\/eldiariodesanpedro.com.ar\/sitio\/wp-json\/wp\/v2\/posts\/9928","targetHints":{"allow":["GET"]}}],"collection":[{"href":"https:\/\/eldiariodesanpedro.com.ar\/sitio\/wp-json\/wp\/v2\/posts"}],"about":[{"href":"https:\/\/eldiariodesanpedro.com.ar\/sitio\/wp-json\/wp\/v2\/types\/post"}],"author":[{"embeddable":true,"href":"https:\/\/eldiariodesanpedro.com.ar\/sitio\/wp-json\/wp\/v2\/users\/4"}],"replies":[{"embeddable":true,"href":"https:\/\/eldiariodesanpedro.com.ar\/sitio\/wp-json\/wp\/v2\/comments?post=9928"}],"version-history":[{"count":1,"href":"https:\/\/eldiariodesanpedro.com.ar\/sitio\/wp-json\/wp\/v2\/posts\/9928\/revisions"}],"predecessor-version":[{"id":9929,"href":"https:\/\/eldiariodesanpedro.com.ar\/sitio\/wp-json\/wp\/v2\/posts\/9928\/revisions\/9929"}],"wp:attachment":[{"href":"https:\/\/eldiariodesanpedro.com.ar\/sitio\/wp-json\/wp\/v2\/media?parent=9928"}],"wp:term":[{"taxonomy":"category","embeddable":true,"href":"https:\/\/eldiariodesanpedro.com.ar\/sitio\/wp-json\/wp\/v2\/categories?post=9928"},{"taxonomy":"post_tag","embeddable":true,"href":"https:\/\/eldiariodesanpedro.com.ar\/sitio\/wp-json\/wp\/v2\/tags?post=9928"}],"curies":[{"name":"wp","href":"https:\/\/api.w.org\/{rel}","templated":true}]}}