{"id":9919,"date":"2016-11-08T19:12:20","date_gmt":"2016-11-08T22:12:20","guid":{"rendered":"https:\/\/eldiariodesanpedro.com.ar\/sitio\/?p=9919"},"modified":"2026-01-24T00:32:26","modified_gmt":"2026-01-24T03:32:26","slug":"exitosa-sexta-edicion-del-encuentro-de-minibasquet-que-organiza-nautico","status":"publish","type":"post","link":"https:\/\/eldiariodesanpedro.com.ar\/sitio\/exitosa-sexta-edicion-del-encuentro-de-minibasquet-que-organiza-nautico\/","title":{"rendered":"Exitosa sexta edici\u00f3n del encuentro de minib\u00e1squet que organiza N\u00e1utico"},"content":{"rendered":"<p><!-- VideographyWP Plugin Message: Automatic video embedding prevented by plugin options. --><br \/>\nSan Pedro fue sede nuevamente del Encuentro Nacional de Minibasquet, sexta edici\u00f3n, teniendo la participaci\u00f3n de 13 delegaciones de diferentes puntos del pa\u00eds y de clubes locales. <\/p>\n<p>Fue entre s\u00e1bado y domingo en las instalaciones del CNSP, donde adem\u00e1s los chicos visitantes pernoctaron. Hubo actividad en el gimnasio y en canchas armadas en los diferentes sectores del club con mucho b\u00e1squet (frente al sal\u00f3n social, el play\u00f3n, el gimnasio y las canchas beach voley), muchos juegos, un gran desfile y la presencia de un show del Power Team y Rosco, la mascota de la Liga Nacional. <\/p>\n<p><a href=\"https:\/\/eldiariodesanpedro.com.ar\/sitio\/wp-content\/uploads\/2016\/11\/foto-2-09-11-16.jpg\"><img decoding=\"async\" data-attachment-id=\"9921\" data-permalink=\"https:\/\/eldiariodesanpedro.com.ar\/sitio\/exitosa-sexta-edicion-del-encuentro-de-minibasquet-que-organiza-nautico\/foto-2-09-11-16\/\" data-orig-file=\"https:\/\/eldiariodesanpedro.com.ar\/sitio\/wp-content\/uploads\/2016\/11\/foto-2-09-11-16.jpg\" data-orig-size=\"800,518\" data-comments-opened=\"1\" data-image-meta=\"{&quot;aperture&quot;:&quot;8&quot;,&quot;credit&quot;:&quot;&quot;,&quot;camera&quot;:&quot;FinePix S4000&quot;,&quot;caption&quot;:&quot;&quot;,&quot;created_timestamp&quot;:&quot;1473279568&quot;,&quot;copyright&quot;:&quot;&quot;,&quot;focal_length&quot;:&quot;4.3&quot;,&quot;iso&quot;:&quot;64&quot;,&quot;shutter_speed&quot;:&quot;0.004&quot;,&quot;title&quot;:&quot;&quot;,&quot;orientation&quot;:&quot;0&quot;}\" data-image-title=\"foto-2-09-11-16\" data-image-description=\"\" data-image-caption=\"\" data-large-file=\"https:\/\/eldiariodesanpedro.com.ar\/sitio\/wp-content\/uploads\/2016\/11\/foto-2-09-11-16.jpg\" data-src=\"https:\/\/eldiariodesanpedro.com.ar\/sitio\/wp-content\/uploads\/2016\/11\/foto-2-09-11-16-300x194.jpg\" alt=\"foto-2-09-11-16\" width=\"300\" height=\"194\" class=\"alignnone size-medium wp-image-9921 lazyload\" data-srcset=\"https:\/\/eldiariodesanpedro.com.ar\/sitio\/wp-content\/uploads\/2016\/11\/foto-2-09-11-16-300x194.jpg 300w, https:\/\/eldiariodesanpedro.com.ar\/sitio\/wp-content\/uploads\/2016\/11\/foto-2-09-11-16-768x497.jpg 768w, https:\/\/eldiariodesanpedro.com.ar\/sitio\/wp-content\/uploads\/2016\/11\/foto-2-09-11-16.jpg 800w\" data-sizes=\"(max-width: 300px) 100vw, 300px\" src=\"data:image\/svg+xml;base64,PHN2ZyB3aWR0aD0iMSIgaGVpZ2h0PSIxIiB4bWxucz0iaHR0cDovL3d3dy53My5vcmcvMjAwMC9zdmciPjwvc3ZnPg==\" style=\"--smush-placeholder-width: 300px; --smush-placeholder-aspect-ratio: 300\/194;\" \/><\/a><\/p>\n","protected":false},"excerpt":{"rendered":"<p>San Pedro fue sede nuevamente del Encuentro Nacional de Minibasquet, sexta edici\u00f3n, teniendo la participaci\u00f3n de 13 delegaciones de diferentes puntos del pa\u00eds y de clubes locales. Fue entre s\u00e1bado y domingo en las instalaciones del CNSP, donde adem\u00e1s los chicos visitantes pernoctaron. Hubo actividad en el gimnasio y en canchas armadas en los diferentes [&hellip;]<\/p>\n","protected":false},"author":4,"featured_media":9920,"comment_status":"open","ping_status":"closed","sticky":false,"template":"","format":"standard","meta":{"om_disable_all_campaigns":false,"_jetpack_memberships_contains_paid_content":false,"footnotes":""},"categories":[5],"tags":[],"class_list":["post-9919","post","type-post","status-publish","format-standard","has-post-thumbnail","hentry","category-deportes"],"aioseo_notices":[],"gutentor_comment":0,"jetpack_featured_media_url":"https:\/\/eldiariodesanpedro.com.ar\/sitio\/wp-content\/uploads\/2016\/11\/foto-1-09-11-16.jpg","jetpack_shortlink":"https:\/\/wp.me\/p6RhLt-2zZ","jetpack_sharing_enabled":true,"_links":{"self":[{"href":"https:\/\/eldiariodesanpedro.com.ar\/sitio\/wp-json\/wp\/v2\/posts\/9919","targetHints":{"allow":["GET"]}}],"collection":[{"href":"https:\/\/eldiariodesanpedro.com.ar\/sitio\/wp-json\/wp\/v2\/posts"}],"about":[{"href":"https:\/\/eldiariodesanpedro.com.ar\/sitio\/wp-json\/wp\/v2\/types\/post"}],"author":[{"embeddable":true,"href":"https:\/\/eldiariodesanpedro.com.ar\/sitio\/wp-json\/wp\/v2\/users\/4"}],"replies":[{"embeddable":true,"href":"https:\/\/eldiariodesanpedro.com.ar\/sitio\/wp-json\/wp\/v2\/comments?post=9919"}],"version-history":[{"count":1,"href":"https:\/\/eldiariodesanpedro.com.ar\/sitio\/wp-json\/wp\/v2\/posts\/9919\/revisions"}],"predecessor-version":[{"id":9922,"href":"https:\/\/eldiariodesanpedro.com.ar\/sitio\/wp-json\/wp\/v2\/posts\/9919\/revisions\/9922"}],"wp:featuredmedia":[{"embeddable":true,"href":"https:\/\/eldiariodesanpedro.com.ar\/sitio\/wp-json\/wp\/v2\/media\/9920"}],"wp:attachment":[{"href":"https:\/\/eldiariodesanpedro.com.ar\/sitio\/wp-json\/wp\/v2\/media?parent=9919"}],"wp:term":[{"taxonomy":"category","embeddable":true,"href":"https:\/\/eldiariodesanpedro.com.ar\/sitio\/wp-json\/wp\/v2\/categories?post=9919"},{"taxonomy":"post_tag","embeddable":true,"href":"https:\/\/eldiariodesanpedro.com.ar\/sitio\/wp-json\/wp\/v2\/tags?post=9919"}],"curies":[{"name":"wp","href":"https:\/\/api.w.org\/{rel}","templated":true}]}}