{"id":99050,"date":"2021-09-16T10:23:35","date_gmt":"2021-09-16T13:23:35","guid":{"rendered":"https:\/\/eldiariodesanpedro.com.ar\/sitio\/?p=99050"},"modified":"2021-09-16T10:23:36","modified_gmt":"2021-09-16T13:23:36","slug":"denuncio-en-la-comisaria-que-por-acoso-por-facebook-decidio-bloquear-a-una-mujer","status":"publish","type":"post","link":"https:\/\/eldiariodesanpedro.com.ar\/sitio\/denuncio-en-la-comisaria-que-por-acoso-por-facebook-decidio-bloquear-a-una-mujer\/","title":{"rendered":"Denuncio en la comisar\u00eda que por acoso por facebook decidi\u00f3 bloquear a una mujer"},"content":{"rendered":"<!-- VideographyWP Plugin Message: Automatic video embedding prevented by plugin options. -->\n\n<p>En la jornada de ayer se recibi\u00f3 una denuncia por parte de un ciudadano de 38 a\u00f1os de edad, que en el d\u00eda de ayer siendo las 22:00 horas, recibe mensajes a trav\u00e9s de la red social \u201cFacebook\u201d amenazas y fotos obscenas por parte de una mujer que cree reconocer, pero desconoce intenciones, por lo que procede a bloquearla.&nbsp;<\/p>\n\n\n\n<p>Interviene Fiscal\u00eda Nro. 07.-&nbsp;<\/p>\n","protected":false},"excerpt":{"rendered":"<p>En la jornada de ayer se recibi\u00f3 una denuncia por parte de un ciudadano de 38 a\u00f1os de edad, que en el d\u00eda de ayer siendo las 22:00 horas, recibe mensajes a trav\u00e9s de la red social \u201cFacebook\u201d amenazas y fotos obscenas por parte de una mujer que cree reconocer, pero desconoce intenciones, por lo [&hellip;]<\/p>\n","protected":false},"author":4,"featured_media":45394,"comment_status":"closed","ping_status":"closed","sticky":false,"template":"","format":"standard","meta":{"om_disable_all_campaigns":false,"_jetpack_memberships_contains_paid_content":false,"footnotes":""},"categories":[2,103],"tags":[197,696,33,95,19],"class_list":["post-99050","post","type-post","status-publish","format-standard","has-post-thumbnail","hentry","category-locales","category-policiales-locales","tag-buenos-aires","tag-interes-general","tag-locales","tag-policiales","tag-san-pedro"],"aioseo_notices":[],"gutentor_comment":0,"jetpack_featured_media_url":"https:\/\/eldiariodesanpedro.com.ar\/sitio\/wp-content\/uploads\/2019\/01\/comisaria.jpg","jetpack_shortlink":"https:\/\/wp.me\/p6RhLt-pLA","jetpack_sharing_enabled":true,"_links":{"self":[{"href":"https:\/\/eldiariodesanpedro.com.ar\/sitio\/wp-json\/wp\/v2\/posts\/99050","targetHints":{"allow":["GET"]}}],"collection":[{"href":"https:\/\/eldiariodesanpedro.com.ar\/sitio\/wp-json\/wp\/v2\/posts"}],"about":[{"href":"https:\/\/eldiariodesanpedro.com.ar\/sitio\/wp-json\/wp\/v2\/types\/post"}],"author":[{"embeddable":true,"href":"https:\/\/eldiariodesanpedro.com.ar\/sitio\/wp-json\/wp\/v2\/users\/4"}],"replies":[{"embeddable":true,"href":"https:\/\/eldiariodesanpedro.com.ar\/sitio\/wp-json\/wp\/v2\/comments?post=99050"}],"version-history":[{"count":1,"href":"https:\/\/eldiariodesanpedro.com.ar\/sitio\/wp-json\/wp\/v2\/posts\/99050\/revisions"}],"predecessor-version":[{"id":99051,"href":"https:\/\/eldiariodesanpedro.com.ar\/sitio\/wp-json\/wp\/v2\/posts\/99050\/revisions\/99051"}],"wp:featuredmedia":[{"embeddable":true,"href":"https:\/\/eldiariodesanpedro.com.ar\/sitio\/wp-json\/wp\/v2\/media\/45394"}],"wp:attachment":[{"href":"https:\/\/eldiariodesanpedro.com.ar\/sitio\/wp-json\/wp\/v2\/media?parent=99050"}],"wp:term":[{"taxonomy":"category","embeddable":true,"href":"https:\/\/eldiariodesanpedro.com.ar\/sitio\/wp-json\/wp\/v2\/categories?post=99050"},{"taxonomy":"post_tag","embeddable":true,"href":"https:\/\/eldiariodesanpedro.com.ar\/sitio\/wp-json\/wp\/v2\/tags?post=99050"}],"curies":[{"name":"wp","href":"https:\/\/api.w.org\/{rel}","templated":true}]}}