{"id":99048,"date":"2021-09-16T10:18:38","date_gmt":"2021-09-16T13:18:38","guid":{"rendered":"https:\/\/eldiariodesanpedro.com.ar\/sitio\/?p=99048"},"modified":"2021-09-16T10:18:42","modified_gmt":"2021-09-16T13:18:42","slug":"delincuente-agrede-a-una-joven-para-robarle-su-celular","status":"publish","type":"post","link":"https:\/\/eldiariodesanpedro.com.ar\/sitio\/delincuente-agrede-a-una-joven-para-robarle-su-celular\/","title":{"rendered":"Delincuente agrede a una joven para robarle su celular"},"content":{"rendered":"<!-- VideographyWP Plugin Message: Automatic video embedding prevented by plugin options. -->\n\n<p>En la jornada de ayer una joven mujer sufri\u00f3 el robo de un tel\u00e9fono celular tras ser golpeada por los delincuentes.<\/p>\n\n\n\n<p>Anoche una ciudadana de 25 a\u00f1os de edad realiz\u00f3 la denuncia en la comisar\u00eda local, que siendo aproximadamente las 22 horas circulaba a pie por calle San Martin y&nbsp; Rivadavia, donde es interceptada por un masculino que de forma violenta y provocando golpes&nbsp; le arrebat\u00f3 su tel\u00e9fono celular, d\u00e1ndose a la fuga.&nbsp;<\/p>\n\n\n\n<p>Se investiga con intervenci\u00f3n de Fiscal\u00eda Nro. 07.-&nbsp;<\/p>\n","protected":false},"excerpt":{"rendered":"<p>En la jornada de ayer una joven mujer sufri\u00f3 el robo de un tel\u00e9fono celular tras ser golpeada por los delincuentes. Anoche una ciudadana de 25 a\u00f1os de edad realiz\u00f3 la denuncia en la comisar\u00eda local, que siendo aproximadamente las 22 horas circulaba a pie por calle San Martin y&nbsp; Rivadavia, donde es interceptada por [&hellip;]<\/p>\n","protected":false},"author":4,"featured_media":77860,"comment_status":"closed","ping_status":"closed","sticky":false,"template":"","format":"standard","meta":{"om_disable_all_campaigns":false,"_jetpack_memberships_contains_paid_content":false,"footnotes":""},"categories":[2,103],"tags":[197,33,95,19],"class_list":["post-99048","post","type-post","status-publish","format-standard","has-post-thumbnail","hentry","category-locales","category-policiales-locales","tag-buenos-aires","tag-locales","tag-policiales","tag-san-pedro"],"aioseo_notices":[],"gutentor_comment":0,"jetpack_featured_media_url":"https:\/\/eldiariodesanpedro.com.ar\/sitio\/wp-content\/uploads\/2020\/07\/000085506.jpg","jetpack_shortlink":"https:\/\/wp.me\/p6RhLt-pLy","jetpack_sharing_enabled":true,"_links":{"self":[{"href":"https:\/\/eldiariodesanpedro.com.ar\/sitio\/wp-json\/wp\/v2\/posts\/99048","targetHints":{"allow":["GET"]}}],"collection":[{"href":"https:\/\/eldiariodesanpedro.com.ar\/sitio\/wp-json\/wp\/v2\/posts"}],"about":[{"href":"https:\/\/eldiariodesanpedro.com.ar\/sitio\/wp-json\/wp\/v2\/types\/post"}],"author":[{"embeddable":true,"href":"https:\/\/eldiariodesanpedro.com.ar\/sitio\/wp-json\/wp\/v2\/users\/4"}],"replies":[{"embeddable":true,"href":"https:\/\/eldiariodesanpedro.com.ar\/sitio\/wp-json\/wp\/v2\/comments?post=99048"}],"version-history":[{"count":1,"href":"https:\/\/eldiariodesanpedro.com.ar\/sitio\/wp-json\/wp\/v2\/posts\/99048\/revisions"}],"predecessor-version":[{"id":99049,"href":"https:\/\/eldiariodesanpedro.com.ar\/sitio\/wp-json\/wp\/v2\/posts\/99048\/revisions\/99049"}],"wp:featuredmedia":[{"embeddable":true,"href":"https:\/\/eldiariodesanpedro.com.ar\/sitio\/wp-json\/wp\/v2\/media\/77860"}],"wp:attachment":[{"href":"https:\/\/eldiariodesanpedro.com.ar\/sitio\/wp-json\/wp\/v2\/media?parent=99048"}],"wp:term":[{"taxonomy":"category","embeddable":true,"href":"https:\/\/eldiariodesanpedro.com.ar\/sitio\/wp-json\/wp\/v2\/categories?post=99048"},{"taxonomy":"post_tag","embeddable":true,"href":"https:\/\/eldiariodesanpedro.com.ar\/sitio\/wp-json\/wp\/v2\/tags?post=99048"}],"curies":[{"name":"wp","href":"https:\/\/api.w.org\/{rel}","templated":true}]}}