{"id":99043,"date":"2021-09-16T10:04:20","date_gmt":"2021-09-16T13:04:20","guid":{"rendered":"https:\/\/eldiariodesanpedro.com.ar\/sitio\/?p=99043"},"modified":"2021-09-16T10:04:26","modified_gmt":"2021-09-16T13:04:26","slug":"axel-kicillof-se-reunio-con-intendentes-y-parte-de-su-gabinete","status":"publish","type":"post","link":"https:\/\/eldiariodesanpedro.com.ar\/sitio\/axel-kicillof-se-reunio-con-intendentes-y-parte-de-su-gabinete\/","title":{"rendered":"Axel Kicillof se reuni\u00f3 con intendentes y parte de su Gabinete"},"content":{"rendered":"<!-- VideographyWP Plugin Message: Automatic video embedding prevented by plugin options. -->\n\n<p>Los intendentes de la tercera analizaron junto al gobernador Axel Kicillof la derrota en las elecciones y los pasos a seguir. \u00bfHabr\u00e1 cambios en el Gabinete?<\/p>\n\n\n\n<p>El gobernador\u00a0<strong>Axel Kicillof<\/strong>\u00a0mantuvo su primera reuni\u00f3n de trabajo post derrota del\u00a0<strong>Frente de Todos<\/strong>\u00a0en las<strong>\u00a0elecciones PASO de la provincia de Buenos Aires<\/strong>\u00a0y recibi\u00f3 a intendentes de la tercera secci\u00f3n \u2013\u00fanica donde se impuso el oficialismo\u2013 y miembros de su Gabinete.<\/p>\n\n\n\n<p>Por la ma\u00f1ana, la ministra de Gobierno\u00a0<strong>Teresa Garc\u00eda<\/strong>\u00a0hab\u00eda revelado que todos los ministros y ministras hab\u00edan puesto su\u00a0cargo a disposici\u00f3n del gobernador Axel Kicillof, y se especulaba con algunos cambios. Sin embargo, por el momento no habr\u00e1 salidas.<\/p>\n\n\n\n<p>Es m\u00e1s,&nbsp;<strong>Carlos Bianco<\/strong>, la propia&nbsp;<strong>Teresa Garc\u00eda<\/strong>,&nbsp;<strong>Andr\u00e9s Larroque<\/strong>,&nbsp;<strong>Sergio Berni<\/strong>&nbsp;y&nbsp;<strong>Pablo L\u00f3pez&nbsp;<\/strong>participaron de la reuni\u00f3n junto a&nbsp;<strong>Ver\u00f3nica Magario<\/strong>. As\u00ed, se disipan los rumores de un recambio generalizado.<\/p>\n\n\n\n<p>Seg\u00fan hab\u00eda adelantado\u00a0<strong>INFOCIELO<\/strong>\u00a0el lunes, el gobernador\u00a0Axel Kicillof no pensaba en cambios\u00a0de\u00a0<strong>gabinete<\/strong>. A\u00fan as\u00ed, algunos nombres tienen la cuerda floja:\u00a0Agustina Vila, Agust\u00edn Simone y Sergio Berni\u00a0eran los m\u00e1s evaluados. Hoy, el ministro de Seguridad lleg\u00f3 a Casa de Gobierno. \u00bfSe\u00f1al de que sigue?<\/p>\n\n\n\n<p>La reuni\u00f3n fue en privado, pero desde Provincia se\u00f1alaron que la mesa de trabajo sirvi\u00f3 para analizar los resultados en las elecciones y c\u00f3mo revertir la situaci\u00f3n. En ese sentido, el propio Gobernador se hab\u00eda mostrado confiado y hab\u00eda asegurado en una entrevista que \u201cel resultado se puede dar vuelta completamente\u201d.<\/p>\n\n\n\n<p><strong>\u201cAbordaron las diferentes posibilidades que permitir\u00e1n dar una respuesta m\u00e1s r\u00e1pida a las necesidades de los vecinos y vecinas de los municipios para fortalecer y recuperar su acompa\u00f1amiento\u201d<\/strong>, indicaron desde Casa de Gobierno. \u201cTambi\u00e9n abordaron las m\u00e1s de 400 obras que est\u00e1n en proceso de licitaci\u00f3n, reactivaci\u00f3n y ejecuci\u00f3n en la regi\u00f3n\u201d, agregaron.<\/p>\n\n\n\n<p>La reuni\u00f3n se dio en el marco de una crisis general de la coalici\u00f3n de Gobierno, no s\u00f3lo en la provincia de Buenos Aires, sino tambi\u00e9n y fundamentalmente a nivel nacional. Al igual que ocurri\u00f3 en la provincia de Buenos Aires, el Gabinete nacional puso su renuncia a disposici\u00f3n del presidente Alberto Fern\u00e1ndez, que convoc\u00f3 a sus ministros a una\u00a0cumbre en Casa Rosada para definir c\u00f3mo seguir.<\/p>\n\n\n\n<h3 class=\"wp-block-heading\">Qu\u00e9 intendentes se reunieron con Kicillof<\/h3>\n\n\n\n<p>Adem\u00e1s de los ministros de Axel Kicillof, participaron de la mesa los\u00a0<strong>intendentes<\/strong>\u00a0de Ca\u00f1uelas, Marisa Fassi; de Quilmes, Mayra Mendoza; de Presidente Per\u00f3n, Blanca Cantero; de Berazategui, Juan Jos\u00e9 Mussi; de Almirante Brown, Mariano Cascallares; de Ezeiza, Alejandro Granados; de La Matanza, Fernando Espinoza; de Florencio Varela, Andr\u00e9s Watson; de Ensenada, Mario Secco; de Berisso, Fabi\u00e1n Cagliardi; de Avellaneda, Alejo Chornobroff; y de Punta Indio, Hern\u00e1n Y Zurieta.<\/p>\n\n\n\n<p><a href=\"https:\/\/media.infocielo.com\/p\/f6b96ba1058af53efdc9406608d734a1\/adjuntos\/299\/imagenes\/001\/295\/0001295012\/axel-kicillof-e-intendentes-frente-todos.jpg\"><\/a><\/p>\n","protected":false},"excerpt":{"rendered":"<p>Los intendentes de la tercera analizaron junto al gobernador Axel Kicillof la derrota en las elecciones y los pasos a seguir. \u00bfHabr\u00e1 cambios en el Gabinete? El gobernador\u00a0Axel Kicillof\u00a0mantuvo su primera reuni\u00f3n de trabajo post derrota del\u00a0Frente de Todos\u00a0en las\u00a0elecciones PASO de la provincia de Buenos Aires\u00a0y recibi\u00f3 a intendentes de la tercera secci\u00f3n \u2013\u00fanica [&hellip;]<\/p>\n","protected":false},"author":4,"featured_media":99044,"comment_status":"closed","ping_status":"closed","sticky":false,"template":"","format":"standard","meta":{"om_disable_all_campaigns":false,"_jetpack_memberships_contains_paid_content":false,"footnotes":""},"categories":[621],"tags":[197,696,33,19],"class_list":["post-99043","post","type-post","status-publish","format-standard","has-post-thumbnail","hentry","category-regionales","tag-buenos-aires","tag-interes-general","tag-locales","tag-san-pedro"],"aioseo_notices":[],"gutentor_comment":0,"jetpack_featured_media_url":"https:\/\/eldiariodesanpedro.com.ar\/sitio\/wp-content\/uploads\/2021\/09\/axel-kicillof-e-intendentes-frente-todos.jpg","jetpack_shortlink":"https:\/\/wp.me\/p6RhLt-pLt","jetpack_sharing_enabled":true,"_links":{"self":[{"href":"https:\/\/eldiariodesanpedro.com.ar\/sitio\/wp-json\/wp\/v2\/posts\/99043","targetHints":{"allow":["GET"]}}],"collection":[{"href":"https:\/\/eldiariodesanpedro.com.ar\/sitio\/wp-json\/wp\/v2\/posts"}],"about":[{"href":"https:\/\/eldiariodesanpedro.com.ar\/sitio\/wp-json\/wp\/v2\/types\/post"}],"author":[{"embeddable":true,"href":"https:\/\/eldiariodesanpedro.com.ar\/sitio\/wp-json\/wp\/v2\/users\/4"}],"replies":[{"embeddable":true,"href":"https:\/\/eldiariodesanpedro.com.ar\/sitio\/wp-json\/wp\/v2\/comments?post=99043"}],"version-history":[{"count":1,"href":"https:\/\/eldiariodesanpedro.com.ar\/sitio\/wp-json\/wp\/v2\/posts\/99043\/revisions"}],"predecessor-version":[{"id":99045,"href":"https:\/\/eldiariodesanpedro.com.ar\/sitio\/wp-json\/wp\/v2\/posts\/99043\/revisions\/99045"}],"wp:featuredmedia":[{"embeddable":true,"href":"https:\/\/eldiariodesanpedro.com.ar\/sitio\/wp-json\/wp\/v2\/media\/99044"}],"wp:attachment":[{"href":"https:\/\/eldiariodesanpedro.com.ar\/sitio\/wp-json\/wp\/v2\/media?parent=99043"}],"wp:term":[{"taxonomy":"category","embeddable":true,"href":"https:\/\/eldiariodesanpedro.com.ar\/sitio\/wp-json\/wp\/v2\/categories?post=99043"},{"taxonomy":"post_tag","embeddable":true,"href":"https:\/\/eldiariodesanpedro.com.ar\/sitio\/wp-json\/wp\/v2\/tags?post=99043"}],"curies":[{"name":"wp","href":"https:\/\/api.w.org\/{rel}","templated":true}]}}