{"id":99027,"date":"2021-09-15T19:37:09","date_gmt":"2021-09-15T22:37:09","guid":{"rendered":"https:\/\/eldiariodesanpedro.com.ar\/sitio\/?p=99027"},"modified":"2021-09-15T19:37:14","modified_gmt":"2021-09-15T22:37:14","slug":"operativo-de-vacunacion-el-sabado-en-barrio-futuro","status":"publish","type":"post","link":"https:\/\/eldiariodesanpedro.com.ar\/sitio\/operativo-de-vacunacion-el-sabado-en-barrio-futuro\/","title":{"rendered":"Operativo de vacunaci\u00f3n el s\u00e1bado en Barrio Futuro"},"content":{"rendered":"<!-- VideographyWP Plugin Message: Automatic video embedding prevented by plugin options. -->\n\n<p>El Plan Vacunate San Pedro informa que se establecer\u00e1 un operativo de vacunaci\u00f3n libre para mayores de 18 a\u00f1os que no cuenten con la primera dosis de la vacuna contra Covid-19 en la plaza calle 62 del Barrio Futuro el s\u00e1bado 18 de septiembre de 10 a 14 horas.<\/p>\n\n\n\n<p>Adem\u00e1s, se contin\u00faa vacunando con primeras dosis sin turno para mayores de 18 a\u00f1os en la posta establecida en la intersecci\u00f3n de las calles Salta y 9 de Julio de lunes a domingo de 10 a 17 horas.<\/p>\n","protected":false},"excerpt":{"rendered":"<p>El Plan Vacunate San Pedro informa que se establecer\u00e1 un operativo de vacunaci\u00f3n libre para mayores de 18 a\u00f1os que no cuenten con la primera dosis de la vacuna contra Covid-19 en la plaza calle 62 del Barrio Futuro el s\u00e1bado 18 de septiembre de 10 a 14 horas. Adem\u00e1s, se contin\u00faa vacunando con primeras [&hellip;]<\/p>\n","protected":false},"author":4,"featured_media":99028,"comment_status":"closed","ping_status":"closed","sticky":false,"template":"","format":"standard","meta":{"om_disable_all_campaigns":false,"_jetpack_memberships_contains_paid_content":false,"footnotes":""},"categories":[101,2],"tags":[197,696,33,19],"class_list":["post-99027","post","type-post","status-publish","format-standard","has-post-thumbnail","hentry","category-interes-general-locales","category-locales","tag-buenos-aires","tag-interes-general","tag-locales","tag-san-pedro"],"aioseo_notices":[],"gutentor_comment":0,"jetpack_featured_media_url":"https:\/\/eldiariodesanpedro.com.ar\/sitio\/wp-content\/uploads\/2021\/09\/Vacunacion-2-1200x675-1.jpg","jetpack_shortlink":"https:\/\/wp.me\/p6RhLt-pLd","jetpack_sharing_enabled":true,"_links":{"self":[{"href":"https:\/\/eldiariodesanpedro.com.ar\/sitio\/wp-json\/wp\/v2\/posts\/99027","targetHints":{"allow":["GET"]}}],"collection":[{"href":"https:\/\/eldiariodesanpedro.com.ar\/sitio\/wp-json\/wp\/v2\/posts"}],"about":[{"href":"https:\/\/eldiariodesanpedro.com.ar\/sitio\/wp-json\/wp\/v2\/types\/post"}],"author":[{"embeddable":true,"href":"https:\/\/eldiariodesanpedro.com.ar\/sitio\/wp-json\/wp\/v2\/users\/4"}],"replies":[{"embeddable":true,"href":"https:\/\/eldiariodesanpedro.com.ar\/sitio\/wp-json\/wp\/v2\/comments?post=99027"}],"version-history":[{"count":1,"href":"https:\/\/eldiariodesanpedro.com.ar\/sitio\/wp-json\/wp\/v2\/posts\/99027\/revisions"}],"predecessor-version":[{"id":99029,"href":"https:\/\/eldiariodesanpedro.com.ar\/sitio\/wp-json\/wp\/v2\/posts\/99027\/revisions\/99029"}],"wp:featuredmedia":[{"embeddable":true,"href":"https:\/\/eldiariodesanpedro.com.ar\/sitio\/wp-json\/wp\/v2\/media\/99028"}],"wp:attachment":[{"href":"https:\/\/eldiariodesanpedro.com.ar\/sitio\/wp-json\/wp\/v2\/media?parent=99027"}],"wp:term":[{"taxonomy":"category","embeddable":true,"href":"https:\/\/eldiariodesanpedro.com.ar\/sitio\/wp-json\/wp\/v2\/categories?post=99027"},{"taxonomy":"post_tag","embeddable":true,"href":"https:\/\/eldiariodesanpedro.com.ar\/sitio\/wp-json\/wp\/v2\/tags?post=99027"}],"curies":[{"name":"wp","href":"https:\/\/api.w.org\/{rel}","templated":true}]}}