{"id":99024,"date":"2021-09-15T19:29:52","date_gmt":"2021-09-15T22:29:52","guid":{"rendered":"https:\/\/eldiariodesanpedro.com.ar\/sitio\/?p=99024"},"modified":"2021-09-15T19:29:57","modified_gmt":"2021-09-15T22:29:57","slug":"gonzalo-carreras-estamos-con-muchas-expectativas-y-con-muchas-ganas-de-competir","status":"publish","type":"post","link":"https:\/\/eldiariodesanpedro.com.ar\/sitio\/gonzalo-carreras-estamos-con-muchas-expectativas-y-con-muchas-ganas-de-competir\/","title":{"rendered":"Gonzalo Carreras: \u201cEstamos con muchas expectativas y con muchas ganas de competir\u201d"},"content":{"rendered":"<!-- VideographyWP Plugin Message: Automatic video embedding prevented by plugin options. -->\n\n<p>El representante del Club N\u00e1utico integra el equipo nacional que desde el jueves intervendr\u00e1 en el mundial de canotaje en Dinamarca.<\/p>\n\n\n\n<p>Se pone en marcha una nueva etapa de los equipos nacionales de canotaje y Gonzalo Carreras forma parte de la selecci\u00f3n Argentina que intervendr\u00e1 en el Mundial que tendr\u00e1 lugar en Copenhague.<\/p>\n\n\n\n<p>Las competencias arrancan el jueves 16 de septiembre y se extender\u00e1n hasta el 19 del mismo mes, lo marca el regreso a las competencias internacionales tras las medidas sanitarias adoptadas durante la pandemia.<\/p>\n\n\n\n<p>Carreas har\u00e1 dupla con Manuel Lezcano, mientras que el equipo se completa con Juan Ignacio C\u00e1ceres en K1 500 y Ezequiel Di Gi\u00e1como, quienes participaron de las concentraciones de Nordelta y Posadas.<\/p>\n\n\n\n<p>Gonzalo Carreras habl\u00f3 en el aire de FM G\u00e9nesis de cara a esta nueva participaci\u00f3n y los preparativos junto al equipo nacional.<\/p>\n\n\n\n<p>\u201cVoy a competir en Dinamarca, en el campeonato mundial. Voy a competir en los 500 metros, as\u00ed que bueno, ya en la recta final\u201d. \u201cHace mucho que no competimos internacionalmente, as\u00ed que con much\u00edsimas ganas y mucha expectativa\u201d.<\/p>\n\n\n\n<p>\u201cMi compa\u00f1ero es Manuel Lazcano, de Carmen de Patagones\u201d.<\/p>\n\n\n\n<p>\u201cYa desde antes de Lima 2019 empezamos a entrenar juntos. Nosotros hab\u00edamos formado un K2 con miras a Tokio, no pudimos participar en el preol\u00edmpico por cuestiones de pandemia y cuestiones de la Federaci\u00f3n. Al final no se hizo el Preol\u00edmpico y no pudimos tener esa chance de estar el clasificatorio para los Juegos\u201d.<\/p>\n\n\n\n<p>\u201cSeguimos entrenando y puliendo bastante detalles. As\u00ed que bueno, estamos con muchas expectativas y con muchas ganas de competir\u201d.<\/p>\n\n\n\n<p>\u201cNuestra primera competencia es el 16 en la serie de K2 500, y como en todas las competencias hay series semifinales y final. Nuestro objetivo principal es entrar a la final entre los mejores 9 del mundo\u201d.\u00a0<\/p>\n\n\n\n<p>Funte: san Pedro informa<\/p>\n","protected":false},"excerpt":{"rendered":"<p>El representante del Club N\u00e1utico integra el equipo nacional que desde el jueves intervendr\u00e1 en el mundial de canotaje en Dinamarca. Se pone en marcha una nueva etapa de los equipos nacionales de canotaje y Gonzalo Carreras forma parte de la selecci\u00f3n Argentina que intervendr\u00e1 en el Mundial que tendr\u00e1 lugar en Copenhague. Las competencias [&hellip;]<\/p>\n","protected":false},"author":4,"featured_media":99025,"comment_status":"closed","ping_status":"closed","sticky":false,"template":"","format":"standard","meta":{"om_disable_all_campaigns":false,"_jetpack_memberships_contains_paid_content":false,"footnotes":""},"categories":[101,2],"tags":[197,33,19],"class_list":["post-99024","post","type-post","status-publish","format-standard","has-post-thumbnail","hentry","category-interes-general-locales","category-locales","tag-buenos-aires","tag-locales","tag-san-pedro"],"aioseo_notices":[],"gutentor_comment":0,"jetpack_featured_media_url":"https:\/\/eldiariodesanpedro.com.ar\/sitio\/wp-content\/uploads\/2021\/09\/0000020326-resized-1920x1080-1.jpeg","jetpack_shortlink":"https:\/\/wp.me\/p6RhLt-pLa","jetpack_sharing_enabled":true,"_links":{"self":[{"href":"https:\/\/eldiariodesanpedro.com.ar\/sitio\/wp-json\/wp\/v2\/posts\/99024","targetHints":{"allow":["GET"]}}],"collection":[{"href":"https:\/\/eldiariodesanpedro.com.ar\/sitio\/wp-json\/wp\/v2\/posts"}],"about":[{"href":"https:\/\/eldiariodesanpedro.com.ar\/sitio\/wp-json\/wp\/v2\/types\/post"}],"author":[{"embeddable":true,"href":"https:\/\/eldiariodesanpedro.com.ar\/sitio\/wp-json\/wp\/v2\/users\/4"}],"replies":[{"embeddable":true,"href":"https:\/\/eldiariodesanpedro.com.ar\/sitio\/wp-json\/wp\/v2\/comments?post=99024"}],"version-history":[{"count":1,"href":"https:\/\/eldiariodesanpedro.com.ar\/sitio\/wp-json\/wp\/v2\/posts\/99024\/revisions"}],"predecessor-version":[{"id":99026,"href":"https:\/\/eldiariodesanpedro.com.ar\/sitio\/wp-json\/wp\/v2\/posts\/99024\/revisions\/99026"}],"wp:featuredmedia":[{"embeddable":true,"href":"https:\/\/eldiariodesanpedro.com.ar\/sitio\/wp-json\/wp\/v2\/media\/99025"}],"wp:attachment":[{"href":"https:\/\/eldiariodesanpedro.com.ar\/sitio\/wp-json\/wp\/v2\/media?parent=99024"}],"wp:term":[{"taxonomy":"category","embeddable":true,"href":"https:\/\/eldiariodesanpedro.com.ar\/sitio\/wp-json\/wp\/v2\/categories?post=99024"},{"taxonomy":"post_tag","embeddable":true,"href":"https:\/\/eldiariodesanpedro.com.ar\/sitio\/wp-json\/wp\/v2\/tags?post=99024"}],"curies":[{"name":"wp","href":"https:\/\/api.w.org\/{rel}","templated":true}]}}