{"id":99022,"date":"2021-09-15T19:20:15","date_gmt":"2021-09-15T22:20:15","guid":{"rendered":"https:\/\/eldiariodesanpedro.com.ar\/sitio\/?p=99022"},"modified":"2021-09-15T19:20:18","modified_gmt":"2021-09-15T22:20:18","slug":"comunicado-del-ccit-ante-las-acciones-contra-la-empresa-rey-distribucion-s-r-l","status":"publish","type":"post","link":"https:\/\/eldiariodesanpedro.com.ar\/sitio\/comunicado-del-ccit-ante-las-acciones-contra-la-empresa-rey-distribucion-s-r-l\/","title":{"rendered":"Comunicado del CCIT ante las acciones contra la empresa Rey Distribuci\u00f3n S.R.L."},"content":{"rendered":"<!-- VideographyWP Plugin Message: Automatic video embedding prevented by plugin options. -->\n\n<p><br>El Centro De Comercio, Industria y Turismo De San Pedro, \u00a0le hace conocer a toda la sociedad la situaci\u00f3n de nuestro socio, Rey Distribuci\u00f3n SRL, que ha sido, una vez m\u00e1s, objeto de acciones atentatorias contra la libertad de trabajo y el normal desenvolvimiento comercial de esa empresa.<\/p>\n\n\n\n<p>Nuestra instituci\u00f3n se pregunta ante la reiteraci\u00f3n de estos hechos y la metodolog\u00eda adoptada, por qu\u00e9 motivo el estado no interviene de oficio, para que el sector sindical canalice sus acciones a trav\u00e9s de los organismos oficiales competentes, siendo que en un estado de derecho son los que deben proveer pac\u00edficamente la resoluci\u00f3n ecu\u00e1nime de tales situaciones, independientemente de los juicios de valor que puedan tener las partes involucradas.<\/p>\n\n\n\n<p>Y nos seguimos preguntando\u2026.<\/p>\n\n\n\n<p>\u00bfSomos conscientes del impacto que generan este tipo de actitudes, totalmente inapropiadas en el actual cuadro de situaci\u00f3n econ\u00f3mica que padece nuestro pa\u00eds en general y nuestra ciudad en particular, en detrimento de nuestro desarrollo local y regional?<\/p>\n\n\n\n<p>\u00bfSomos conscientes que un clima de desaz\u00f3n y desaliento a la atracci\u00f3n de la inversi\u00f3n, es muy dif\u00edcil de revertir cuando la gravedad de lo acontecido es tal, que ha tomado repercusi\u00f3n a nivel nacional con las consecuencias que ello implica?<\/p>\n\n\n\n<p>\u00bfSomos conscientes que los perjuicios que generan los bloqueos sindicales no solo se circunscriben a la empresa sino a los cientos de comercios que dependen de su actividad, ante posibles faltas de abastecimiento? &nbsp;<br>Mostrar un San Pedro de oportunidades, de buen clima hacia los nuevos desarrollos e inversiones comerciales, industriales, tur\u00edsticas y de servicios en favorecimiento de nuestras econom\u00edas regionales es una responsabilidad de todos.<\/p>\n","protected":false},"excerpt":{"rendered":"<p>El Centro De Comercio, Industria y Turismo De San Pedro, \u00a0le hace conocer a toda la sociedad la situaci\u00f3n de nuestro socio, Rey Distribuci\u00f3n SRL, que ha sido, una vez m\u00e1s, objeto de acciones atentatorias contra la libertad de trabajo y el normal desenvolvimiento comercial de esa empresa. Nuestra instituci\u00f3n se pregunta ante la reiteraci\u00f3n [&hellip;]<\/p>\n","protected":false},"author":4,"featured_media":82411,"comment_status":"closed","ping_status":"closed","sticky":false,"template":"","format":"standard","meta":{"om_disable_all_campaigns":false,"_jetpack_memberships_contains_paid_content":false,"footnotes":""},"categories":[50,101,2],"tags":[197,696,33,2388,19],"class_list":["post-99022","post","type-post","status-publish","format-standard","has-post-thumbnail","hentry","category-destacadas","category-interes-general-locales","category-locales","tag-buenos-aires","tag-interes-general","tag-locales","tag-rey-distribucion","tag-san-pedro"],"aioseo_notices":[],"gutentor_comment":0,"jetpack_featured_media_url":"https:\/\/eldiariodesanpedro.com.ar\/sitio\/wp-content\/uploads\/2020\/10\/centro-de-comercio-e-industria_3_1-1.jpg","jetpack_shortlink":"https:\/\/wp.me\/p6RhLt-pL8","jetpack_sharing_enabled":true,"_links":{"self":[{"href":"https:\/\/eldiariodesanpedro.com.ar\/sitio\/wp-json\/wp\/v2\/posts\/99022","targetHints":{"allow":["GET"]}}],"collection":[{"href":"https:\/\/eldiariodesanpedro.com.ar\/sitio\/wp-json\/wp\/v2\/posts"}],"about":[{"href":"https:\/\/eldiariodesanpedro.com.ar\/sitio\/wp-json\/wp\/v2\/types\/post"}],"author":[{"embeddable":true,"href":"https:\/\/eldiariodesanpedro.com.ar\/sitio\/wp-json\/wp\/v2\/users\/4"}],"replies":[{"embeddable":true,"href":"https:\/\/eldiariodesanpedro.com.ar\/sitio\/wp-json\/wp\/v2\/comments?post=99022"}],"version-history":[{"count":1,"href":"https:\/\/eldiariodesanpedro.com.ar\/sitio\/wp-json\/wp\/v2\/posts\/99022\/revisions"}],"predecessor-version":[{"id":99023,"href":"https:\/\/eldiariodesanpedro.com.ar\/sitio\/wp-json\/wp\/v2\/posts\/99022\/revisions\/99023"}],"wp:featuredmedia":[{"embeddable":true,"href":"https:\/\/eldiariodesanpedro.com.ar\/sitio\/wp-json\/wp\/v2\/media\/82411"}],"wp:attachment":[{"href":"https:\/\/eldiariodesanpedro.com.ar\/sitio\/wp-json\/wp\/v2\/media?parent=99022"}],"wp:term":[{"taxonomy":"category","embeddable":true,"href":"https:\/\/eldiariodesanpedro.com.ar\/sitio\/wp-json\/wp\/v2\/categories?post=99022"},{"taxonomy":"post_tag","embeddable":true,"href":"https:\/\/eldiariodesanpedro.com.ar\/sitio\/wp-json\/wp\/v2\/tags?post=99022"}],"curies":[{"name":"wp","href":"https:\/\/api.w.org\/{rel}","templated":true}]}}