{"id":99017,"date":"2021-09-15T14:01:31","date_gmt":"2021-09-15T17:01:31","guid":{"rendered":"https:\/\/eldiariodesanpedro.com.ar\/sitio\/?p=99017"},"modified":"2021-09-15T14:01:35","modified_gmt":"2021-09-15T17:01:35","slug":"corte-programado-de-energia-para-manana-2","status":"publish","type":"post","link":"https:\/\/eldiariodesanpedro.com.ar\/sitio\/corte-programado-de-energia-para-manana-2\/","title":{"rendered":"Corte programado de energia para ma\u00f1ana"},"content":{"rendered":"<!-- VideographyWP Plugin Message: Automatic video embedding prevented by plugin options. -->\n\n<p><strong>Coopser informa que por cuestiones operativas, fueron reprogramados para ma\u00f1ana jueves 16 de septiembre los cortes anunciados para hoy, por tareas de mantenimiento.<\/strong><\/p>\n\n\n\n<p>De este modo el cronograma a cumplir MA\u00d1ANA JUEVES ser\u00e1 el siguiente<\/p>\n\n\n\n<p>8 a 11 hs:<br>Ruta 1001 desde el 3000 (Crucero gral. Belgrano) hasta el 5500 (Callej\u00f3n Dart) y zonas de influencia.<\/p>\n\n\n\n<p>8 a 13 hs:<br>Ruta 9 desde el km 157 &nbsp;hasta el Km 161 y zonas de influencia.<\/p>\n","protected":false},"excerpt":{"rendered":"<p>Coopser informa que por cuestiones operativas, fueron reprogramados para ma\u00f1ana jueves 16 de septiembre los cortes anunciados para hoy, por tareas de mantenimiento. De este modo el cronograma a cumplir MA\u00d1ANA JUEVES ser\u00e1 el siguiente 8 a 11 hs:Ruta 1001 desde el 3000 (Crucero gral. Belgrano) hasta el 5500 (Callej\u00f3n Dart) y zonas de influencia. [&hellip;]<\/p>\n","protected":false},"author":4,"featured_media":68312,"comment_status":"closed","ping_status":"closed","sticky":false,"template":"","format":"standard","meta":{"om_disable_all_campaigns":false,"_jetpack_memberships_contains_paid_content":false,"footnotes":""},"categories":[101,2],"tags":[197,2387,696,33,19],"class_list":["post-99017","post","type-post","status-publish","format-standard","has-post-thumbnail","hentry","category-interes-general-locales","category-locales","tag-buenos-aires","tag-corte-programado","tag-interes-general","tag-locales","tag-san-pedro"],"aioseo_notices":[],"gutentor_comment":0,"jetpack_featured_media_url":"https:\/\/eldiariodesanpedro.com.ar\/sitio\/wp-content\/uploads\/2020\/02\/coopser1.png","jetpack_shortlink":"https:\/\/wp.me\/p6RhLt-pL3","jetpack_sharing_enabled":true,"_links":{"self":[{"href":"https:\/\/eldiariodesanpedro.com.ar\/sitio\/wp-json\/wp\/v2\/posts\/99017","targetHints":{"allow":["GET"]}}],"collection":[{"href":"https:\/\/eldiariodesanpedro.com.ar\/sitio\/wp-json\/wp\/v2\/posts"}],"about":[{"href":"https:\/\/eldiariodesanpedro.com.ar\/sitio\/wp-json\/wp\/v2\/types\/post"}],"author":[{"embeddable":true,"href":"https:\/\/eldiariodesanpedro.com.ar\/sitio\/wp-json\/wp\/v2\/users\/4"}],"replies":[{"embeddable":true,"href":"https:\/\/eldiariodesanpedro.com.ar\/sitio\/wp-json\/wp\/v2\/comments?post=99017"}],"version-history":[{"count":1,"href":"https:\/\/eldiariodesanpedro.com.ar\/sitio\/wp-json\/wp\/v2\/posts\/99017\/revisions"}],"predecessor-version":[{"id":99018,"href":"https:\/\/eldiariodesanpedro.com.ar\/sitio\/wp-json\/wp\/v2\/posts\/99017\/revisions\/99018"}],"wp:featuredmedia":[{"embeddable":true,"href":"https:\/\/eldiariodesanpedro.com.ar\/sitio\/wp-json\/wp\/v2\/media\/68312"}],"wp:attachment":[{"href":"https:\/\/eldiariodesanpedro.com.ar\/sitio\/wp-json\/wp\/v2\/media?parent=99017"}],"wp:term":[{"taxonomy":"category","embeddable":true,"href":"https:\/\/eldiariodesanpedro.com.ar\/sitio\/wp-json\/wp\/v2\/categories?post=99017"},{"taxonomy":"post_tag","embeddable":true,"href":"https:\/\/eldiariodesanpedro.com.ar\/sitio\/wp-json\/wp\/v2\/tags?post=99017"}],"curies":[{"name":"wp","href":"https:\/\/api.w.org\/{rel}","templated":true}]}}