{"id":99014,"date":"2021-09-15T13:54:16","date_gmt":"2021-09-15T16:54:16","guid":{"rendered":"https:\/\/eldiariodesanpedro.com.ar\/sitio\/?p=99014"},"modified":"2021-09-15T13:54:20","modified_gmt":"2021-09-15T16:54:20","slug":"manana-arribara-un-nuevo-buque-a-cargar-maiz-en-el-puerto-local","status":"publish","type":"post","link":"https:\/\/eldiariodesanpedro.com.ar\/sitio\/manana-arribara-un-nuevo-buque-a-cargar-maiz-en-el-puerto-local\/","title":{"rendered":"Ma\u00f1ana arribar\u00e1 un nuevo buque a cargar ma\u00edz en el Puerto Local"},"content":{"rendered":"<!-- VideographyWP Plugin Message: Automatic video embedding prevented by plugin options. -->\n\n<p>El Consorcio de Gesti\u00f3n del Puerto San Pedro informa que este jueves arriba un nuevo buque al puerto local denominado Intrepido que realizar\u00e1 la carga de 2350 de ma\u00edz en el muelle cabecera con destino a Uruguay.<\/p>\n\n\n\n<p>BUQUE:<strong>INTREPIDO<\/strong> <br>BANDERA: Paraguaya <br>ESLORA: 95,90 MTS <br>PROCEDENCIA:Uruguay <br>MUELLE: CABECERA <br>ARRIBO ESTIMADO: 16-09-21 AM <br>MERCADERIA: 2350 toneladas de ma\u00edz a granel <br>DESTINO: <strong>Uruguay<\/strong><\/p>\n","protected":false},"excerpt":{"rendered":"<p>El Consorcio de Gesti\u00f3n del Puerto San Pedro informa que este jueves arriba un nuevo buque al puerto local denominado Intrepido que realizar\u00e1 la carga de 2350 de ma\u00edz en el muelle cabecera con destino a Uruguay. BUQUE:INTREPIDO BANDERA: Paraguaya ESLORA: 95,90 MTS PROCEDENCIA:Uruguay MUELLE: CABECERA ARRIBO ESTIMADO: 16-09-21 AM MERCADERIA: 2350 toneladas de ma\u00edz [&hellip;]<\/p>\n","protected":false},"author":4,"featured_media":99015,"comment_status":"closed","ping_status":"closed","sticky":false,"template":"","format":"standard","meta":{"om_disable_all_campaigns":false,"_jetpack_memberships_contains_paid_content":false,"footnotes":""},"categories":[101,2],"tags":[197,696,33,878,19],"class_list":["post-99014","post","type-post","status-publish","format-standard","has-post-thumbnail","hentry","category-interes-general-locales","category-locales","tag-buenos-aires","tag-interes-general","tag-locales","tag-puerto-san-pedro","tag-san-pedro"],"aioseo_notices":[],"gutentor_comment":0,"jetpack_featured_media_url":"https:\/\/eldiariodesanpedro.com.ar\/sitio\/wp-content\/uploads\/2021\/09\/1-1.jpg","jetpack_shortlink":"https:\/\/wp.me\/p6RhLt-pL0","jetpack_sharing_enabled":true,"_links":{"self":[{"href":"https:\/\/eldiariodesanpedro.com.ar\/sitio\/wp-json\/wp\/v2\/posts\/99014","targetHints":{"allow":["GET"]}}],"collection":[{"href":"https:\/\/eldiariodesanpedro.com.ar\/sitio\/wp-json\/wp\/v2\/posts"}],"about":[{"href":"https:\/\/eldiariodesanpedro.com.ar\/sitio\/wp-json\/wp\/v2\/types\/post"}],"author":[{"embeddable":true,"href":"https:\/\/eldiariodesanpedro.com.ar\/sitio\/wp-json\/wp\/v2\/users\/4"}],"replies":[{"embeddable":true,"href":"https:\/\/eldiariodesanpedro.com.ar\/sitio\/wp-json\/wp\/v2\/comments?post=99014"}],"version-history":[{"count":1,"href":"https:\/\/eldiariodesanpedro.com.ar\/sitio\/wp-json\/wp\/v2\/posts\/99014\/revisions"}],"predecessor-version":[{"id":99016,"href":"https:\/\/eldiariodesanpedro.com.ar\/sitio\/wp-json\/wp\/v2\/posts\/99014\/revisions\/99016"}],"wp:featuredmedia":[{"embeddable":true,"href":"https:\/\/eldiariodesanpedro.com.ar\/sitio\/wp-json\/wp\/v2\/media\/99015"}],"wp:attachment":[{"href":"https:\/\/eldiariodesanpedro.com.ar\/sitio\/wp-json\/wp\/v2\/media?parent=99014"}],"wp:term":[{"taxonomy":"category","embeddable":true,"href":"https:\/\/eldiariodesanpedro.com.ar\/sitio\/wp-json\/wp\/v2\/categories?post=99014"},{"taxonomy":"post_tag","embeddable":true,"href":"https:\/\/eldiariodesanpedro.com.ar\/sitio\/wp-json\/wp\/v2\/tags?post=99014"}],"curies":[{"name":"wp","href":"https:\/\/api.w.org\/{rel}","templated":true}]}}