{"id":99011,"date":"2021-09-15T13:40:49","date_gmt":"2021-09-15T16:40:49","guid":{"rendered":"https:\/\/eldiariodesanpedro.com.ar\/sitio\/?p=99011"},"modified":"2021-09-15T13:40:54","modified_gmt":"2021-09-15T16:40:54","slug":"edicto-de-sucesion-de-carmen-martinez-2","status":"publish","type":"post","link":"https:\/\/eldiariodesanpedro.com.ar\/sitio\/edicto-de-sucesion-de-carmen-martinez-2\/","title":{"rendered":"Edicto de Sucesi\u00f3n de Carmen Mart\u00ednez"},"content":{"rendered":"<!-- VideographyWP Plugin Message: Automatic video embedding prevented by plugin options. -->\n\n<p>El Juzgado de Primera Instancia en lo Civil y Comercial N\u00b0 4 del Departamento Judicial de San Nicol\u00e1s cita y emplaza por treinta d\u00edas a herederos y acreedores de <strong>Do\u00f1a Carmen Mart\u00ednez <\/strong>en autos caratulados: <strong>\\Martinez Carmen S\/ Sucesion Ab-intestato\\<\/strong>, Expte. N\u00ba SN &#8211; 6930 &#8211; 2021.- San Nicol\u00e1s,09 de Septiembre de 2021.<\/p>\n\n\n\n<p>DR MUCILLI LUCIANO EDUARDO<br>AUXILIAR LETRADO<\/p>\n","protected":false},"excerpt":{"rendered":"<p>El Juzgado de Primera Instancia en lo Civil y Comercial N\u00b0 4 del Departamento Judicial de San Nicol\u00e1s cita y emplaza por treinta d\u00edas a herederos y acreedores de Do\u00f1a Carmen Mart\u00ednez en autos caratulados: \\Martinez Carmen S\/ Sucesion Ab-intestato\\, Expte. N\u00ba SN &#8211; 6930 &#8211; 2021.- San Nicol\u00e1s,09 de Septiembre de 2021. DR MUCILLI [&hellip;]<\/p>\n","protected":false},"author":4,"featured_media":81115,"comment_status":"closed","ping_status":"closed","sticky":false,"template":"","format":"standard","meta":{"om_disable_all_campaigns":false,"_jetpack_memberships_contains_paid_content":false,"footnotes":""},"categories":[676,677],"tags":[197,2386,1121,1355,33,19,1122],"class_list":["post-99011","post","type-post","status-publish","format-standard","has-post-thumbnail","hentry","category-edictos","category-edictos-sucesorios","tag-buenos-aires","tag-carmen-martinez","tag-edicto","tag-judiciales","tag-locales","tag-san-pedro","tag-sucesion"],"aioseo_notices":[],"gutentor_comment":0,"jetpack_featured_media_url":"https:\/\/eldiariodesanpedro.com.ar\/sitio\/wp-content\/uploads\/2020\/09\/Poder-Judicial.jpg","jetpack_shortlink":"https:\/\/wp.me\/p6RhLt-pKX","jetpack_sharing_enabled":true,"_links":{"self":[{"href":"https:\/\/eldiariodesanpedro.com.ar\/sitio\/wp-json\/wp\/v2\/posts\/99011","targetHints":{"allow":["GET"]}}],"collection":[{"href":"https:\/\/eldiariodesanpedro.com.ar\/sitio\/wp-json\/wp\/v2\/posts"}],"about":[{"href":"https:\/\/eldiariodesanpedro.com.ar\/sitio\/wp-json\/wp\/v2\/types\/post"}],"author":[{"embeddable":true,"href":"https:\/\/eldiariodesanpedro.com.ar\/sitio\/wp-json\/wp\/v2\/users\/4"}],"replies":[{"embeddable":true,"href":"https:\/\/eldiariodesanpedro.com.ar\/sitio\/wp-json\/wp\/v2\/comments?post=99011"}],"version-history":[{"count":1,"href":"https:\/\/eldiariodesanpedro.com.ar\/sitio\/wp-json\/wp\/v2\/posts\/99011\/revisions"}],"predecessor-version":[{"id":99013,"href":"https:\/\/eldiariodesanpedro.com.ar\/sitio\/wp-json\/wp\/v2\/posts\/99011\/revisions\/99013"}],"wp:featuredmedia":[{"embeddable":true,"href":"https:\/\/eldiariodesanpedro.com.ar\/sitio\/wp-json\/wp\/v2\/media\/81115"}],"wp:attachment":[{"href":"https:\/\/eldiariodesanpedro.com.ar\/sitio\/wp-json\/wp\/v2\/media?parent=99011"}],"wp:term":[{"taxonomy":"category","embeddable":true,"href":"https:\/\/eldiariodesanpedro.com.ar\/sitio\/wp-json\/wp\/v2\/categories?post=99011"},{"taxonomy":"post_tag","embeddable":true,"href":"https:\/\/eldiariodesanpedro.com.ar\/sitio\/wp-json\/wp\/v2\/tags?post=99011"}],"curies":[{"name":"wp","href":"https:\/\/api.w.org\/{rel}","templated":true}]}}