{"id":99006,"date":"2021-09-15T13:29:28","date_gmt":"2021-09-15T16:29:28","guid":{"rendered":"https:\/\/eldiariodesanpedro.com.ar\/sitio\/?p=99006"},"modified":"2021-09-15T13:29:33","modified_gmt":"2021-09-15T16:29:33","slug":"frutas-santa-rita-comienzo-de-temporada-de-durazno-2021","status":"publish","type":"post","link":"https:\/\/eldiariodesanpedro.com.ar\/sitio\/frutas-santa-rita-comienzo-de-temporada-de-durazno-2021\/","title":{"rendered":"Frutas Santa Rita comienzo de temporada de Durazno 2021"},"content":{"rendered":"<!-- VideographyWP Plugin Message: Automatic video embedding prevented by plugin options. -->\n\n<p>Aproximadamente el d\u00eda 30 de OCTUBRE del corriente a\u00f1o se dar\u00e1 comienzo a la temporada de Durazno\u00a0 2021. <\/p>\n\n\n\n<p>A los trabajadores del a\u00f1o pasado\u00a0, presentarse\u00a0 \u00a0el\u00a0d\u00eda\u00a0 21 de octubre en el Galp\u00f3n de Empaque ubicado en\u00a0 Ruta 1001 Km 2.<\/p>\n\n\n\n<p><strong>Gabriel Sagrera<\/strong><\/p>\n","protected":false},"excerpt":{"rendered":"<p>Aproximadamente el d\u00eda 30 de OCTUBRE del corriente a\u00f1o se dar\u00e1 comienzo a la temporada de Durazno\u00a0 2021. A los trabajadores del a\u00f1o pasado\u00a0, presentarse\u00a0 \u00a0el\u00a0d\u00eda\u00a0 21 de octubre en el Galp\u00f3n de Empaque ubicado en\u00a0 Ruta 1001 Km 2. Gabriel Sagrera<\/p>\n","protected":false},"author":4,"featured_media":99007,"comment_status":"closed","ping_status":"closed","sticky":false,"template":"","format":"standard","meta":{"om_disable_all_campaigns":false,"_jetpack_memberships_contains_paid_content":false,"footnotes":""},"categories":[678,676],"tags":[2385,1729,1805],"class_list":["post-99006","post","type-post","status-publish","format-standard","has-post-thumbnail","hentry","category-convocatorias","category-edictos","tag-comienzo-de-temporada-de-durazno-2021","tag-convocatoria","tag-frutas-santa-rita"],"aioseo_notices":[],"gutentor_comment":0,"jetpack_featured_media_url":"https:\/\/eldiariodesanpedro.com.ar\/sitio\/wp-content\/uploads\/2021\/09\/Frutas-Santa-Maria-septiembre-2021.jpg","jetpack_shortlink":"https:\/\/wp.me\/p6RhLt-pKS","jetpack_sharing_enabled":true,"_links":{"self":[{"href":"https:\/\/eldiariodesanpedro.com.ar\/sitio\/wp-json\/wp\/v2\/posts\/99006","targetHints":{"allow":["GET"]}}],"collection":[{"href":"https:\/\/eldiariodesanpedro.com.ar\/sitio\/wp-json\/wp\/v2\/posts"}],"about":[{"href":"https:\/\/eldiariodesanpedro.com.ar\/sitio\/wp-json\/wp\/v2\/types\/post"}],"author":[{"embeddable":true,"href":"https:\/\/eldiariodesanpedro.com.ar\/sitio\/wp-json\/wp\/v2\/users\/4"}],"replies":[{"embeddable":true,"href":"https:\/\/eldiariodesanpedro.com.ar\/sitio\/wp-json\/wp\/v2\/comments?post=99006"}],"version-history":[{"count":1,"href":"https:\/\/eldiariodesanpedro.com.ar\/sitio\/wp-json\/wp\/v2\/posts\/99006\/revisions"}],"predecessor-version":[{"id":99008,"href":"https:\/\/eldiariodesanpedro.com.ar\/sitio\/wp-json\/wp\/v2\/posts\/99006\/revisions\/99008"}],"wp:featuredmedia":[{"embeddable":true,"href":"https:\/\/eldiariodesanpedro.com.ar\/sitio\/wp-json\/wp\/v2\/media\/99007"}],"wp:attachment":[{"href":"https:\/\/eldiariodesanpedro.com.ar\/sitio\/wp-json\/wp\/v2\/media?parent=99006"}],"wp:term":[{"taxonomy":"category","embeddable":true,"href":"https:\/\/eldiariodesanpedro.com.ar\/sitio\/wp-json\/wp\/v2\/categories?post=99006"},{"taxonomy":"post_tag","embeddable":true,"href":"https:\/\/eldiariodesanpedro.com.ar\/sitio\/wp-json\/wp\/v2\/tags?post=99006"}],"curies":[{"name":"wp","href":"https:\/\/api.w.org\/{rel}","templated":true}]}}