{"id":99004,"date":"2021-09-15T12:59:59","date_gmt":"2021-09-15T15:59:59","guid":{"rendered":"https:\/\/eldiariodesanpedro.com.ar\/sitio\/?p=99004"},"modified":"2021-09-15T13:00:18","modified_gmt":"2021-09-15T16:00:18","slug":"edicto-de-sucesion-de-giuliani-olga-ana","status":"publish","type":"post","link":"https:\/\/eldiariodesanpedro.com.ar\/sitio\/edicto-de-sucesion-de-giuliani-olga-ana\/","title":{"rendered":"Edicto de Sucesi\u00f3n de Giuliani Olga Ana"},"content":{"rendered":"<!-- VideographyWP Plugin Message: Automatic video embedding prevented by plugin options. -->\n\n<p>El Juzgado de Paz de San Pedro, Secretar\u00eda \u00danica del Departamento Judicial de San Nicol\u00e1s cita y emplaza por el t\u00e9rmino de treinta d\u00edas a herederos y Acreedores de la Sra <strong>Giuliani, Olga Ana<\/strong>.- San Pedro, 6 de Septiembre de 2021<\/p>\n\n\n\n<p>DR. FACUNDO VELL\u00d3N <br>ABOGADO\u00a0 SECRETARIO<\/p>\n","protected":false},"excerpt":{"rendered":"<p>El Juzgado de Paz de San Pedro, Secretar\u00eda \u00danica del Departamento Judicial de San Nicol\u00e1s cita y emplaza por el t\u00e9rmino de treinta d\u00edas a herederos y Acreedores de la Sra Giuliani, Olga Ana.- San Pedro, 6 de Septiembre de 2021 DR. FACUNDO VELL\u00d3N ABOGADO\u00a0 SECRETARIO<\/p>\n","protected":false},"author":4,"featured_media":81115,"comment_status":"closed","ping_status":"closed","sticky":false,"template":"","format":"standard","meta":{"om_disable_all_campaigns":false,"_jetpack_memberships_contains_paid_content":false,"footnotes":""},"categories":[676,677],"tags":[197,1121,2384,696,1355,33,19],"class_list":["post-99004","post","type-post","status-publish","format-standard","has-post-thumbnail","hentry","category-edictos","category-edictos-sucesorios","tag-buenos-aires","tag-edicto","tag-giuliani-olga-ana","tag-interes-general","tag-judiciales","tag-locales","tag-san-pedro"],"aioseo_notices":[],"gutentor_comment":0,"jetpack_featured_media_url":"https:\/\/eldiariodesanpedro.com.ar\/sitio\/wp-content\/uploads\/2020\/09\/Poder-Judicial.jpg","jetpack_shortlink":"https:\/\/wp.me\/p6RhLt-pKQ","jetpack_sharing_enabled":true,"_links":{"self":[{"href":"https:\/\/eldiariodesanpedro.com.ar\/sitio\/wp-json\/wp\/v2\/posts\/99004","targetHints":{"allow":["GET"]}}],"collection":[{"href":"https:\/\/eldiariodesanpedro.com.ar\/sitio\/wp-json\/wp\/v2\/posts"}],"about":[{"href":"https:\/\/eldiariodesanpedro.com.ar\/sitio\/wp-json\/wp\/v2\/types\/post"}],"author":[{"embeddable":true,"href":"https:\/\/eldiariodesanpedro.com.ar\/sitio\/wp-json\/wp\/v2\/users\/4"}],"replies":[{"embeddable":true,"href":"https:\/\/eldiariodesanpedro.com.ar\/sitio\/wp-json\/wp\/v2\/comments?post=99004"}],"version-history":[{"count":1,"href":"https:\/\/eldiariodesanpedro.com.ar\/sitio\/wp-json\/wp\/v2\/posts\/99004\/revisions"}],"predecessor-version":[{"id":99005,"href":"https:\/\/eldiariodesanpedro.com.ar\/sitio\/wp-json\/wp\/v2\/posts\/99004\/revisions\/99005"}],"wp:featuredmedia":[{"embeddable":true,"href":"https:\/\/eldiariodesanpedro.com.ar\/sitio\/wp-json\/wp\/v2\/media\/81115"}],"wp:attachment":[{"href":"https:\/\/eldiariodesanpedro.com.ar\/sitio\/wp-json\/wp\/v2\/media?parent=99004"}],"wp:term":[{"taxonomy":"category","embeddable":true,"href":"https:\/\/eldiariodesanpedro.com.ar\/sitio\/wp-json\/wp\/v2\/categories?post=99004"},{"taxonomy":"post_tag","embeddable":true,"href":"https:\/\/eldiariodesanpedro.com.ar\/sitio\/wp-json\/wp\/v2\/tags?post=99004"}],"curies":[{"name":"wp","href":"https:\/\/api.w.org\/{rel}","templated":true}]}}