{"id":98992,"date":"2021-09-15T11:13:08","date_gmt":"2021-09-15T14:13:08","guid":{"rendered":"https:\/\/eldiariodesanpedro.com.ar\/sitio\/?p=98992"},"modified":"2021-09-15T11:13:13","modified_gmt":"2021-09-15T14:13:13","slug":"grave-conflicto-entre-una-familia-en-el-barrio-las-canaletas-por-una-vivienda","status":"publish","type":"post","link":"https:\/\/eldiariodesanpedro.com.ar\/sitio\/grave-conflicto-entre-una-familia-en-el-barrio-las-canaletas-por-una-vivienda\/","title":{"rendered":"Grave conflicto entre una familia en el barrio Las Canaletas por una vivienda"},"content":{"rendered":"<!-- VideographyWP Plugin Message: Automatic video embedding prevented by plugin options. -->\n\n<p>Este martes se produjo un grave hecho de violencia entre un conflicto familiar por un terreno fiscal, donde varias personas resultaron heridas.<\/p>\n\n\n\n<p>El hecho ocurri\u00f3 en el barrio \u201cLas Canaletas\u201d&nbsp; en calle San Lorenzo al 1900 donde dos partes de una familia tuvieron un conflicto por la tenencia de un terreno que a\u00fan es fiscal.<\/p>\n\n\n\n<p>El conflicto de vieja data por una casa se dio alrededor de las 17 hs cuando una parte de la familia se encontraba trabajando en una casa que se encuentran reconstruyendo es agredido por la otra parte quien ataca con un fierro provocando da\u00f1os a un hombre mayor de edad.<\/p>\n\n\n\n<p>Se realiz\u00f3 la correspondiente denuncia en la prefectura, teniendo en cuenta que uno de los agresores es una actual polic\u00eda de la provincia de buenos aires y otro agresor es un ex guardia c\u00e1rcel.<\/p>\n\n\n\n<p>La v\u00edctima sufri\u00f3 fractura en una de sus piernas y adem\u00e1s de varios golpes en el resto de su cuerpo.<\/p>\n\n\n\n<p>En el lugar se hizo presente los efectivos policiales adem\u00e1s de una ambulancia del SAME.<\/p>\n\n\n\n<figure class=\"wp-block-image size-large\"><img decoding=\"async\" width=\"1024\" height=\"497\" data-attachment-id=\"98994\" data-permalink=\"https:\/\/eldiariodesanpedro.com.ar\/sitio\/grave-conflicto-entre-una-familia-en-el-barrio-las-canaletas-por-una-vivienda\/whatsapp-image-2021-09-15-at-11-06-40\/\" data-orig-file=\"https:\/\/eldiariodesanpedro.com.ar\/sitio\/wp-content\/uploads\/2021\/09\/WhatsApp-Image-2021-09-15-at-11.06.40.jpeg\" data-orig-size=\"1600,777\" data-comments-opened=\"0\" data-image-meta=\"{&quot;aperture&quot;:&quot;0&quot;,&quot;credit&quot;:&quot;&quot;,&quot;camera&quot;:&quot;&quot;,&quot;caption&quot;:&quot;&quot;,&quot;created_timestamp&quot;:&quot;0&quot;,&quot;copyright&quot;:&quot;&quot;,&quot;focal_length&quot;:&quot;0&quot;,&quot;iso&quot;:&quot;0&quot;,&quot;shutter_speed&quot;:&quot;0&quot;,&quot;title&quot;:&quot;&quot;,&quot;orientation&quot;:&quot;0&quot;}\" data-image-title=\"WhatsApp Image 2021-09-15 at 11.06.40\" data-image-description=\"\" data-image-caption=\"\" data-large-file=\"https:\/\/eldiariodesanpedro.com.ar\/sitio\/wp-content\/uploads\/2021\/09\/WhatsApp-Image-2021-09-15-at-11.06.40-1024x497.jpeg\" data-src=\"https:\/\/eldiariodesanpedro.com.ar\/sitio\/wp-content\/uploads\/2021\/09\/WhatsApp-Image-2021-09-15-at-11.06.40-1024x497.jpeg\" alt=\"\" class=\"wp-image-98994 lazyload\" data-srcset=\"https:\/\/eldiariodesanpedro.com.ar\/sitio\/wp-content\/uploads\/2021\/09\/WhatsApp-Image-2021-09-15-at-11.06.40-1024x497.jpeg 1024w, https:\/\/eldiariodesanpedro.com.ar\/sitio\/wp-content\/uploads\/2021\/09\/WhatsApp-Image-2021-09-15-at-11.06.40-300x146.jpeg 300w, https:\/\/eldiariodesanpedro.com.ar\/sitio\/wp-content\/uploads\/2021\/09\/WhatsApp-Image-2021-09-15-at-11.06.40-768x373.jpeg 768w, https:\/\/eldiariodesanpedro.com.ar\/sitio\/wp-content\/uploads\/2021\/09\/WhatsApp-Image-2021-09-15-at-11.06.40-1536x746.jpeg 1536w, https:\/\/eldiariodesanpedro.com.ar\/sitio\/wp-content\/uploads\/2021\/09\/WhatsApp-Image-2021-09-15-at-11.06.40.jpeg 1600w\" data-sizes=\"(max-width: 1024px) 100vw, 1024px\" src=\"data:image\/svg+xml;base64,PHN2ZyB3aWR0aD0iMSIgaGVpZ2h0PSIxIiB4bWxucz0iaHR0cDovL3d3dy53My5vcmcvMjAwMC9zdmciPjwvc3ZnPg==\" style=\"--smush-placeholder-width: 1024px; --smush-placeholder-aspect-ratio: 1024\/497;\" \/><\/figure>\n","protected":false},"excerpt":{"rendered":"<p>Este martes se produjo un grave hecho de violencia entre un conflicto familiar por un terreno fiscal, donde varias personas resultaron heridas. El hecho ocurri\u00f3 en el barrio \u201cLas Canaletas\u201d&nbsp; en calle San Lorenzo al 1900 donde dos partes de una familia tuvieron un conflicto por la tenencia de un terreno que a\u00fan es fiscal. [&hellip;]<\/p>\n","protected":false},"author":4,"featured_media":98993,"comment_status":"closed","ping_status":"closed","sticky":false,"template":"","format":"standard","meta":{"om_disable_all_campaigns":false,"_jetpack_memberships_contains_paid_content":false,"footnotes":""},"categories":[50,101,2],"tags":[],"class_list":["post-98992","post","type-post","status-publish","format-standard","has-post-thumbnail","hentry","category-destacadas","category-interes-general-locales","category-locales"],"aioseo_notices":[],"gutentor_comment":0,"jetpack_featured_media_url":"https:\/\/eldiariodesanpedro.com.ar\/sitio\/wp-content\/uploads\/2021\/09\/WhatsApp-Image-2021-09-15-at-11.06.39.jpeg","jetpack_shortlink":"https:\/\/wp.me\/p6RhLt-pKE","jetpack_sharing_enabled":true,"_links":{"self":[{"href":"https:\/\/eldiariodesanpedro.com.ar\/sitio\/wp-json\/wp\/v2\/posts\/98992","targetHints":{"allow":["GET"]}}],"collection":[{"href":"https:\/\/eldiariodesanpedro.com.ar\/sitio\/wp-json\/wp\/v2\/posts"}],"about":[{"href":"https:\/\/eldiariodesanpedro.com.ar\/sitio\/wp-json\/wp\/v2\/types\/post"}],"author":[{"embeddable":true,"href":"https:\/\/eldiariodesanpedro.com.ar\/sitio\/wp-json\/wp\/v2\/users\/4"}],"replies":[{"embeddable":true,"href":"https:\/\/eldiariodesanpedro.com.ar\/sitio\/wp-json\/wp\/v2\/comments?post=98992"}],"version-history":[{"count":1,"href":"https:\/\/eldiariodesanpedro.com.ar\/sitio\/wp-json\/wp\/v2\/posts\/98992\/revisions"}],"predecessor-version":[{"id":98995,"href":"https:\/\/eldiariodesanpedro.com.ar\/sitio\/wp-json\/wp\/v2\/posts\/98992\/revisions\/98995"}],"wp:featuredmedia":[{"embeddable":true,"href":"https:\/\/eldiariodesanpedro.com.ar\/sitio\/wp-json\/wp\/v2\/media\/98993"}],"wp:attachment":[{"href":"https:\/\/eldiariodesanpedro.com.ar\/sitio\/wp-json\/wp\/v2\/media?parent=98992"}],"wp:term":[{"taxonomy":"category","embeddable":true,"href":"https:\/\/eldiariodesanpedro.com.ar\/sitio\/wp-json\/wp\/v2\/categories?post=98992"},{"taxonomy":"post_tag","embeddable":true,"href":"https:\/\/eldiariodesanpedro.com.ar\/sitio\/wp-json\/wp\/v2\/tags?post=98992"}],"curies":[{"name":"wp","href":"https:\/\/api.w.org\/{rel}","templated":true}]}}