{"id":98989,"date":"2021-09-15T10:13:16","date_gmt":"2021-09-15T13:13:16","guid":{"rendered":"https:\/\/eldiariodesanpedro.com.ar\/sitio\/?p=98989"},"modified":"2021-09-15T10:13:20","modified_gmt":"2021-09-15T13:13:20","slug":"kicillof-hay-que-dar-respuestas-y-acelerar-la-reactivacion","status":"publish","type":"post","link":"https:\/\/eldiariodesanpedro.com.ar\/sitio\/kicillof-hay-que-dar-respuestas-y-acelerar-la-reactivacion\/","title":{"rendered":"Kicillof: \u00abHay que dar respuestas y acelerar la reactivaci\u00f3n\u00bb"},"content":{"rendered":"<!-- VideographyWP Plugin Message: Automatic video embedding prevented by plugin options. -->\n\n<p>El gobernador bonaerense Kicillof dijo que el oficialismo puede revertir el resultado de las elecciones.<\/p>\n\n\n\n<p>El\u00a0<strong>gobernador<\/strong>\u00a0de la provincia de Buenos Aires,\u00a0<strong>Axel Kicillof<\/strong>, asegur\u00f3 en las \u00faltimas horas que \u00absin lugar a dudas\u00bb el oficialismo puede revertir el resultado de las\u00a0PASO\u00a0en las elecciones generales de noviembre pr\u00f3ximo, y subray\u00f3 que, para alcanzar ese objetivo, \u00abes necesario acelerar la reactivaci\u00f3n, dar respuestas y cuidarle el bolsillo a la ciudadan\u00eda\u00bb.<\/p>\n\n\n\n<p>\u00abVamos a trabajar para eso porque necesitamos un acompa\u00f1amiento para lo que se viene, que es una verdadera reconstrucci\u00f3n despu\u00e9s del neoliberalismo agravado por la pandemia\u00bb, puntualiz\u00f3 Kicillof durante una entrevista con T\u00e9lam.<\/p>\n\n\n\n<p>En su primera evaluaci\u00f3n p\u00fablica despu\u00e9s de los resultados del domingo, el gobernador bonaerense razon\u00f3, en di\u00e1logo con esta agencia, que la pandemia de coronavirus \u00abagrav\u00f3 una situaci\u00f3n que ya era muy grave\u00bb cuando el Frente de Todos (FdT) asumi\u00f3 el gobierno tras la administraci\u00f3n de la coalici\u00f3n opositora Cambiemos.<\/p>\n\n\n\n<p>\u00abCon todos los esfuerzos, se avanz\u00f3 primero en los cuidados y luego en la vacunaci\u00f3n, pero se atraves\u00f3 una etapa de mucho sufrimiento, muy compleja y ahora, con la salida del coronavirus, el problema est\u00e1 en la recuperaci\u00f3n del trabajo, de los ingresos y en la desaceleraci\u00f3n de los precios\u00bb, razon\u00f3 el mandatario provincial.<\/p>\n\n\n\n<p>Para Kicillof, en el resultado de las PASO celebradas el domingo pasado para definir los candidatos que competir\u00e1n por la renovaci\u00f3n parlamentaria \u00abhubo un mensaje claro, el tema es c\u00f3mo se decodifica\u00bb.<\/p>\n\n\n\n<p>Fuente: <a href=\"https:\/\/infocielo.com\/kicillof\/kicillof-hay-que-dar-respuestas-y-acelerar-la-reactivacion-n720426\">infocielo<\/a><\/p>\n\n\n\n<p><a href=\"https:\/\/media.infocielo.com\/p\/8787b501d5e159ab0f91678411d61a47\/adjuntos\/299\/imagenes\/001\/286\/0001286421\/axel-kicillofpng.png\"><\/a><\/p>\n","protected":false},"excerpt":{"rendered":"<p>El gobernador bonaerense Kicillof dijo que el oficialismo puede revertir el resultado de las elecciones. El\u00a0gobernador\u00a0de la provincia de Buenos Aires,\u00a0Axel Kicillof, asegur\u00f3 en las \u00faltimas horas que \u00absin lugar a dudas\u00bb el oficialismo puede revertir el resultado de las\u00a0PASO\u00a0en las elecciones generales de noviembre pr\u00f3ximo, y subray\u00f3 que, para alcanzar ese objetivo, \u00abes necesario [&hellip;]<\/p>\n","protected":false},"author":4,"featured_media":98990,"comment_status":"closed","ping_status":"closed","sticky":false,"template":"","format":"standard","meta":{"om_disable_all_campaigns":false,"_jetpack_memberships_contains_paid_content":false,"footnotes":""},"categories":[621],"tags":[197,696,33,19],"class_list":["post-98989","post","type-post","status-publish","format-standard","has-post-thumbnail","hentry","category-regionales","tag-buenos-aires","tag-interes-general","tag-locales","tag-san-pedro"],"aioseo_notices":[],"gutentor_comment":0,"jetpack_featured_media_url":"https:\/\/eldiariodesanpedro.com.ar\/sitio\/wp-content\/uploads\/2021\/09\/axel-kicillofpng.jpg","jetpack_shortlink":"https:\/\/wp.me\/p6RhLt-pKB","jetpack_sharing_enabled":true,"_links":{"self":[{"href":"https:\/\/eldiariodesanpedro.com.ar\/sitio\/wp-json\/wp\/v2\/posts\/98989","targetHints":{"allow":["GET"]}}],"collection":[{"href":"https:\/\/eldiariodesanpedro.com.ar\/sitio\/wp-json\/wp\/v2\/posts"}],"about":[{"href":"https:\/\/eldiariodesanpedro.com.ar\/sitio\/wp-json\/wp\/v2\/types\/post"}],"author":[{"embeddable":true,"href":"https:\/\/eldiariodesanpedro.com.ar\/sitio\/wp-json\/wp\/v2\/users\/4"}],"replies":[{"embeddable":true,"href":"https:\/\/eldiariodesanpedro.com.ar\/sitio\/wp-json\/wp\/v2\/comments?post=98989"}],"version-history":[{"count":1,"href":"https:\/\/eldiariodesanpedro.com.ar\/sitio\/wp-json\/wp\/v2\/posts\/98989\/revisions"}],"predecessor-version":[{"id":98991,"href":"https:\/\/eldiariodesanpedro.com.ar\/sitio\/wp-json\/wp\/v2\/posts\/98989\/revisions\/98991"}],"wp:featuredmedia":[{"embeddable":true,"href":"https:\/\/eldiariodesanpedro.com.ar\/sitio\/wp-json\/wp\/v2\/media\/98990"}],"wp:attachment":[{"href":"https:\/\/eldiariodesanpedro.com.ar\/sitio\/wp-json\/wp\/v2\/media?parent=98989"}],"wp:term":[{"taxonomy":"category","embeddable":true,"href":"https:\/\/eldiariodesanpedro.com.ar\/sitio\/wp-json\/wp\/v2\/categories?post=98989"},{"taxonomy":"post_tag","embeddable":true,"href":"https:\/\/eldiariodesanpedro.com.ar\/sitio\/wp-json\/wp\/v2\/tags?post=98989"}],"curies":[{"name":"wp","href":"https:\/\/api.w.org\/{rel}","templated":true}]}}