{"id":98986,"date":"2021-09-15T10:08:34","date_gmt":"2021-09-15T13:08:34","guid":{"rendered":"https:\/\/eldiariodesanpedro.com.ar\/sitio\/?p=98986"},"modified":"2021-09-15T10:08:38","modified_gmt":"2021-09-15T13:08:38","slug":"con-mas-de-800-inscriptos-arranca-una-diplomatura-en-cannabis-medicinal","status":"publish","type":"post","link":"https:\/\/eldiariodesanpedro.com.ar\/sitio\/con-mas-de-800-inscriptos-arranca-una-diplomatura-en-cannabis-medicinal\/","title":{"rendered":"Con m\u00e1s de 800 inscriptos, arranca una diplomatura en cannabis medicinal"},"content":{"rendered":"<!-- VideographyWP Plugin Message: Automatic video embedding prevented by plugin options. -->\n\n<p>La iniciativa tiene el apoyo de diversas instituciones. Est\u00e1 destinada a usuarios de cannabis, cultivadores, productores, docentes e investigadores.<\/p>\n\n\n\n<p>En el marco de la\u00a0<strong>ley 27.350<\/strong>\u00a0que regula el uso medicinal de la planta de\u00a0<strong>cannabis<\/strong>\u00a0y sus derivados, el\u00a0<strong>Ministerio de Salud de la Naci\u00f3n<\/strong>, el\u00a0<strong>Conicet<\/strong>, el\u00a0<strong>hospital El Cruce<\/strong>\u00a0y la\u00a0<strong>Universidad Arturo Jauretche (UNAJ)<\/strong>\u00a0firmaron un\u00a0convenio\u00a0de cooperaci\u00f3n cient\u00edfica y t\u00e9cnica para impulsar una diplomatura que abordar\u00e1 diversos aspectos de la tem\u00e1tica.<\/p>\n\n\n\n<p>La capacitaci\u00f3n est\u00e1 destinada a&nbsp;usuarios, cultivadores, productores, docentes, investigadores y la comunidad en general&nbsp;y abordar\u00e1 los avances en distintas tem\u00e1ticas, como las propiedades bot\u00e1nicas de la planta, la investigaci\u00f3n b\u00e1sica y cl\u00ednica, propiedades terap\u00e9uticas, aspectos sociales, legislaci\u00f3n vigente y nuevas propuestas.<\/p>\n\n\n\n<p>El curso, que comienza este jueves y ya cuenta con m\u00e1s de 800 inscriptos, se dictar\u00e1 de manera virtual y tendr\u00e1 una duraci\u00f3n de 6 meses. Los coordinadores ser\u00e1n la doctora<strong>&nbsp;Silvia Kochen<\/strong>, integrante de la Red de Cannabis y sus usos medicinales del CONICET; y&nbsp;<strong>Marcelo Morante<\/strong>, responsable del Programa de Investigaci\u00f3n en Cannabis Medicinal.<\/p>\n\n\n\n<p>Adem\u00e1s, contar\u00e1 con profesores provenientes de diferentes campos de las ciencias y de la sociedad civil, con vasta experiencia en el uso del cannabis con fines medicinales o terap\u00e9uticos.<\/p>\n\n\n\n<h2 class=\"wp-block-heading\">La firma del convenio<\/h2>\n\n\n\n<p>El convenio tiene como objetivo establecer v\u00ednculos de cooperaci\u00f3n para dise\u00f1ar capacitaciones en investigaci\u00f3n m\u00e9dica y cient\u00edfica del uso medicinal de la planta de cannabis y sus derivados en el marco de la Ley N\u00ba 27.350 y su Decreto Reglamentario N\u00ba 883\/2020.<\/p>\n\n\n\n<p>Participaron de su firma la ministra de Salud,\u00a0<strong>Carla Vizzotti<\/strong>; la presidenta del Conicet,\u00a0<strong>Ana Franchi<\/strong>; el rector de la UNAJ,\u00a0<strong>Ernesto Fernando Villanueva<\/strong>; y la presidenta del Consejo de Administraci\u00f3n del hospital,\u00a0<strong>Mariel Mussi<\/strong>.<\/p>\n\n\n\n<p>\u201cLa reglamentaci\u00f3n de la ley 27.350 ten\u00eda este objetivo y ver que se est\u00e1 avanzando en generar evidencia cient\u00edfica, conocimiento, intercambio de informaci\u00f3n y fortalecer las redes es fundamental\u201d, indic\u00f3 Vizzotti.<\/p>\n\n\n\n<p>Por su parte, Franchi puso en valor el trabajo realizado por muchas ONG para obtener la ley y asegur\u00f3 que esta iniciativa \u00abes un paso inicial para empezar a formar, nutri\u00e9ndose de gente que tiene experiencia emp\u00edrica y de gente que viene de la ciencia\u201d.<\/p>\n\n\n\n<p>Por \u00faltimo, Villanueva indic\u00f3 que \u201cen este tema es importante pasar de esa situaci\u00f3n cotidiana de semi legalidad a esta situaci\u00f3n en la que se va formalizando el conocimiento y socializando con la comunidad\u201d.<\/p>\n\n\n\n<p>Fuente: <a href=\"https:\/\/infocielo.com\/cannabis\/cannabis-arranca-una-diplomatura-sus-usos-medicinales-n720441\">infocielo<\/a><\/p>\n\n\n\n<p><a href=\"https:\/\/media.infocielo.com\/p\/48893373a4b617dda08ef81b4a4ee63e\/adjuntos\/299\/imagenes\/001\/273\/0001273894\/887x0\/smart\/cannabis-medicinaljpg.jpg\"><\/a><\/p>\n","protected":false},"excerpt":{"rendered":"<p>La iniciativa tiene el apoyo de diversas instituciones. Est\u00e1 destinada a usuarios de cannabis, cultivadores, productores, docentes e investigadores. En el marco de la\u00a0ley 27.350\u00a0que regula el uso medicinal de la planta de\u00a0cannabis\u00a0y sus derivados, el\u00a0Ministerio de Salud de la Naci\u00f3n, el\u00a0Conicet, el\u00a0hospital El Cruce\u00a0y la\u00a0Universidad Arturo Jauretche (UNAJ)\u00a0firmaron un\u00a0convenio\u00a0de cooperaci\u00f3n cient\u00edfica y t\u00e9cnica para [&hellip;]<\/p>\n","protected":false},"author":4,"featured_media":98987,"comment_status":"closed","ping_status":"closed","sticky":false,"template":"","format":"standard","meta":{"om_disable_all_campaigns":false,"_jetpack_memberships_contains_paid_content":false,"footnotes":""},"categories":[621],"tags":[197,2383,696,681],"class_list":["post-98986","post","type-post","status-publish","format-standard","has-post-thumbnail","hentry","category-regionales","tag-buenos-aires","tag-cannabis-medicinal","tag-interes-general","tag-regionales"],"aioseo_notices":[],"gutentor_comment":0,"jetpack_featured_media_url":"https:\/\/eldiariodesanpedro.com.ar\/sitio\/wp-content\/uploads\/2021\/09\/cannabis-medicinaljpg.jpg","jetpack_shortlink":"https:\/\/wp.me\/p6RhLt-pKy","jetpack_sharing_enabled":true,"_links":{"self":[{"href":"https:\/\/eldiariodesanpedro.com.ar\/sitio\/wp-json\/wp\/v2\/posts\/98986","targetHints":{"allow":["GET"]}}],"collection":[{"href":"https:\/\/eldiariodesanpedro.com.ar\/sitio\/wp-json\/wp\/v2\/posts"}],"about":[{"href":"https:\/\/eldiariodesanpedro.com.ar\/sitio\/wp-json\/wp\/v2\/types\/post"}],"author":[{"embeddable":true,"href":"https:\/\/eldiariodesanpedro.com.ar\/sitio\/wp-json\/wp\/v2\/users\/4"}],"replies":[{"embeddable":true,"href":"https:\/\/eldiariodesanpedro.com.ar\/sitio\/wp-json\/wp\/v2\/comments?post=98986"}],"version-history":[{"count":1,"href":"https:\/\/eldiariodesanpedro.com.ar\/sitio\/wp-json\/wp\/v2\/posts\/98986\/revisions"}],"predecessor-version":[{"id":98988,"href":"https:\/\/eldiariodesanpedro.com.ar\/sitio\/wp-json\/wp\/v2\/posts\/98986\/revisions\/98988"}],"wp:featuredmedia":[{"embeddable":true,"href":"https:\/\/eldiariodesanpedro.com.ar\/sitio\/wp-json\/wp\/v2\/media\/98987"}],"wp:attachment":[{"href":"https:\/\/eldiariodesanpedro.com.ar\/sitio\/wp-json\/wp\/v2\/media?parent=98986"}],"wp:term":[{"taxonomy":"category","embeddable":true,"href":"https:\/\/eldiariodesanpedro.com.ar\/sitio\/wp-json\/wp\/v2\/categories?post=98986"},{"taxonomy":"post_tag","embeddable":true,"href":"https:\/\/eldiariodesanpedro.com.ar\/sitio\/wp-json\/wp\/v2\/tags?post=98986"}],"curies":[{"name":"wp","href":"https:\/\/api.w.org\/{rel}","templated":true}]}}