{"id":98982,"date":"2021-09-15T09:48:34","date_gmt":"2021-09-15T12:48:34","guid":{"rendered":"https:\/\/eldiariodesanpedro.com.ar\/sitio\/?p=98982"},"modified":"2021-09-15T09:48:38","modified_gmt":"2021-09-15T12:48:38","slug":"el-intendente-se-reunio-con-el-subdirector-ejecutivo-de-pami","status":"publish","type":"post","link":"https:\/\/eldiariodesanpedro.com.ar\/sitio\/el-intendente-se-reunio-con-el-subdirector-ejecutivo-de-pami\/","title":{"rendered":"El Intendente se reuni\u00f3 con el Subdirector Ejecutivo de PAMI"},"content":{"rendered":"<!-- VideographyWP Plugin Message: Automatic video embedding prevented by plugin options. -->\n\n<p>En la tarde de hoy, junto al Secretario de Desarrollo Econ\u00f3mico Alfredo Carrasco, el Intendente mantuvo un encuentro con el subdirector ejecutivo de PAMI Mart\u00edn Rodr\u00edguez.<\/p>\n\n\n\n<p>En una c\u00e1lida reuni\u00f3n de trabajo en la que se abordaron distintos temas como la situaci\u00f3n del Hospital Municipal Emilio Ruffa luego de hacerse cargo de las c\u00e1pitas locales, donde el subdirector transmiti\u00f3 su apoyo para solucionar las necesidades que puedan surgir y el compromiso conjunto de redoblar los esfuerzos para realizar acciones que mejoren la calidad de vida de nuestros abuelos.<\/p>\n","protected":false},"excerpt":{"rendered":"<p>En la tarde de hoy, junto al Secretario de Desarrollo Econ\u00f3mico Alfredo Carrasco, el Intendente mantuvo un encuentro con el subdirector ejecutivo de PAMI Mart\u00edn Rodr\u00edguez. En una c\u00e1lida reuni\u00f3n de trabajo en la que se abordaron distintos temas como la situaci\u00f3n del Hospital Municipal Emilio Ruffa luego de hacerse cargo de las c\u00e1pitas locales, [&hellip;]<\/p>\n","protected":false},"author":4,"featured_media":98984,"comment_status":"closed","ping_status":"closed","sticky":false,"template":"","format":"standard","meta":{"om_disable_all_campaigns":false,"_jetpack_memberships_contains_paid_content":false,"footnotes":""},"categories":[50,101,2],"tags":[197,696,33,19],"class_list":["post-98982","post","type-post","status-publish","format-standard","has-post-thumbnail","hentry","category-destacadas","category-interes-general-locales","category-locales","tag-buenos-aires","tag-interes-general","tag-locales","tag-san-pedro"],"aioseo_notices":[],"gutentor_comment":0,"jetpack_featured_media_url":"https:\/\/eldiariodesanpedro.com.ar\/sitio\/wp-content\/uploads\/2021\/09\/IMG-20210914-WA0047.jpg","jetpack_shortlink":"https:\/\/wp.me\/p6RhLt-pKu","jetpack_sharing_enabled":true,"_links":{"self":[{"href":"https:\/\/eldiariodesanpedro.com.ar\/sitio\/wp-json\/wp\/v2\/posts\/98982","targetHints":{"allow":["GET"]}}],"collection":[{"href":"https:\/\/eldiariodesanpedro.com.ar\/sitio\/wp-json\/wp\/v2\/posts"}],"about":[{"href":"https:\/\/eldiariodesanpedro.com.ar\/sitio\/wp-json\/wp\/v2\/types\/post"}],"author":[{"embeddable":true,"href":"https:\/\/eldiariodesanpedro.com.ar\/sitio\/wp-json\/wp\/v2\/users\/4"}],"replies":[{"embeddable":true,"href":"https:\/\/eldiariodesanpedro.com.ar\/sitio\/wp-json\/wp\/v2\/comments?post=98982"}],"version-history":[{"count":1,"href":"https:\/\/eldiariodesanpedro.com.ar\/sitio\/wp-json\/wp\/v2\/posts\/98982\/revisions"}],"predecessor-version":[{"id":98985,"href":"https:\/\/eldiariodesanpedro.com.ar\/sitio\/wp-json\/wp\/v2\/posts\/98982\/revisions\/98985"}],"wp:featuredmedia":[{"embeddable":true,"href":"https:\/\/eldiariodesanpedro.com.ar\/sitio\/wp-json\/wp\/v2\/media\/98984"}],"wp:attachment":[{"href":"https:\/\/eldiariodesanpedro.com.ar\/sitio\/wp-json\/wp\/v2\/media?parent=98982"}],"wp:term":[{"taxonomy":"category","embeddable":true,"href":"https:\/\/eldiariodesanpedro.com.ar\/sitio\/wp-json\/wp\/v2\/categories?post=98982"},{"taxonomy":"post_tag","embeddable":true,"href":"https:\/\/eldiariodesanpedro.com.ar\/sitio\/wp-json\/wp\/v2\/tags?post=98982"}],"curies":[{"name":"wp","href":"https:\/\/api.w.org\/{rel}","templated":true}]}}