{"id":98950,"date":"2021-09-14T18:37:48","date_gmt":"2021-09-14T21:37:48","guid":{"rendered":"https:\/\/eldiariodesanpedro.com.ar\/sitio\/?p=98950"},"modified":"2021-09-14T18:42:48","modified_gmt":"2021-09-14T21:42:48","slug":"pliego-para-la-obra-de-construccion-de-galpon-taller-y-sanitarios-en-escuela-agropecuaria-no-1","status":"publish","type":"post","link":"https:\/\/eldiariodesanpedro.com.ar\/sitio\/pliego-para-la-obra-de-construccion-de-galpon-taller-y-sanitarios-en-escuela-agropecuaria-no-1\/","title":{"rendered":"Pliego para la obra de construcci\u00f3n de galp\u00f3n, taller y sanitarios en Escuela Agropecuaria N\u00ba 1"},"content":{"rendered":"<!-- VideographyWP Plugin Message: Automatic video embedding prevented by plugin options. -->\n\n<p>El Consejo Escolar informa que desde el 20 al 24 de septiembre de 2021 estar\u00e1 a disposici\u00f3n el pliego para la obra de construcci\u00f3n de galp\u00f3n, taller y sanitarios en Escuela Agropecuaria N\u00ba 1. Presupuesto oficial $ 8.402.116,25) &#8211; Plazo de obra 120 d\u00edas.<\/p>\n\n\n\n<p>Apertura de ofertas el 27 de septiembre de 2021 a las 11 hs. Las consultas se har\u00e1n en la Sede del Consejo Escolar (Ayacucho e Ituzaing\u00f3) de 8 a 12 hs.<\/p>\n","protected":false},"excerpt":{"rendered":"<p>El Consejo Escolar informa que desde el 20 al 24 de septiembre de 2021 estar\u00e1 a disposici\u00f3n el pliego para la obra de construcci\u00f3n de galp\u00f3n, taller y sanitarios en Escuela Agropecuaria N\u00ba 1. Presupuesto oficial $ 8.402.116,25) &#8211; Plazo de obra 120 d\u00edas. Apertura de ofertas el 27 de septiembre de 2021 a las [&hellip;]<\/p>\n","protected":false},"author":4,"featured_media":98951,"comment_status":"closed","ping_status":"closed","sticky":false,"template":"","format":"standard","meta":{"om_disable_all_campaigns":false,"_jetpack_memberships_contains_paid_content":false,"footnotes":""},"categories":[815,676],"tags":[197,1373,696,1355,33,2376,19],"class_list":["post-98950","post","type-post","status-publish","format-standard","has-post-thumbnail","hentry","category-consejo-escolar","category-edictos","tag-buenos-aires","tag-consejo-escolar","tag-interes-general","tag-judiciales","tag-locales","tag-pliego","tag-san-pedro"],"aioseo_notices":[],"gutentor_comment":0,"jetpack_featured_media_url":"https:\/\/eldiariodesanpedro.com.ar\/sitio\/wp-content\/uploads\/2021\/09\/Concejo-escolar-14-09-2021.jpg","jetpack_shortlink":"https:\/\/wp.me\/p6RhLt-pJY","jetpack_sharing_enabled":true,"_links":{"self":[{"href":"https:\/\/eldiariodesanpedro.com.ar\/sitio\/wp-json\/wp\/v2\/posts\/98950","targetHints":{"allow":["GET"]}}],"collection":[{"href":"https:\/\/eldiariodesanpedro.com.ar\/sitio\/wp-json\/wp\/v2\/posts"}],"about":[{"href":"https:\/\/eldiariodesanpedro.com.ar\/sitio\/wp-json\/wp\/v2\/types\/post"}],"author":[{"embeddable":true,"href":"https:\/\/eldiariodesanpedro.com.ar\/sitio\/wp-json\/wp\/v2\/users\/4"}],"replies":[{"embeddable":true,"href":"https:\/\/eldiariodesanpedro.com.ar\/sitio\/wp-json\/wp\/v2\/comments?post=98950"}],"version-history":[{"count":1,"href":"https:\/\/eldiariodesanpedro.com.ar\/sitio\/wp-json\/wp\/v2\/posts\/98950\/revisions"}],"predecessor-version":[{"id":98952,"href":"https:\/\/eldiariodesanpedro.com.ar\/sitio\/wp-json\/wp\/v2\/posts\/98950\/revisions\/98952"}],"wp:featuredmedia":[{"embeddable":true,"href":"https:\/\/eldiariodesanpedro.com.ar\/sitio\/wp-json\/wp\/v2\/media\/98951"}],"wp:attachment":[{"href":"https:\/\/eldiariodesanpedro.com.ar\/sitio\/wp-json\/wp\/v2\/media?parent=98950"}],"wp:term":[{"taxonomy":"category","embeddable":true,"href":"https:\/\/eldiariodesanpedro.com.ar\/sitio\/wp-json\/wp\/v2\/categories?post=98950"},{"taxonomy":"post_tag","embeddable":true,"href":"https:\/\/eldiariodesanpedro.com.ar\/sitio\/wp-json\/wp\/v2\/tags?post=98950"}],"curies":[{"name":"wp","href":"https:\/\/api.w.org\/{rel}","templated":true}]}}