{"id":98946,"date":"2021-09-14T18:03:32","date_gmt":"2021-09-14T21:03:32","guid":{"rendered":"https:\/\/eldiariodesanpedro.com.ar\/sitio\/?p=98946"},"modified":"2021-09-14T18:03:36","modified_gmt":"2021-09-14T21:03:36","slug":"pablo-vlaeminck-sera-el-nuevo-secretario-de-gobierno-tras-la-salida-de-corti","status":"publish","type":"post","link":"https:\/\/eldiariodesanpedro.com.ar\/sitio\/pablo-vlaeminck-sera-el-nuevo-secretario-de-gobierno-tras-la-salida-de-corti\/","title":{"rendered":"Pablo Vlaeminck ser\u00e1 el nuevo Secretario de Gobierno tras la salida de Corti"},"content":{"rendered":"<!-- VideographyWP Plugin Message: Automatic video embedding prevented by plugin options. -->\n\n<p>El d\u00eda de hoy se conoci\u00f3 que el ex presidente del Club Pescadores ser\u00e1 el nuevo Secretario de Gobierno tras la renuncia de Silvio Corti este lunes.<\/p>\n\n\n\n<p>Hasta hoy en la ma\u00f1ana se rumoreaba la posibilidad de que Vlaeminck ocupe el cargo y as\u00ed ser\u00e1 definitivamente y siendo anunciado oficialmente con el juramento correspondiente.<\/p>\n\n\n\n<p>Recordemos que tambi\u00e9n el pr\u00f3ximo Secretario de Gobierno es candidato a Concejal en quinto lugar.<\/p>\n","protected":false},"excerpt":{"rendered":"<p>El d\u00eda de hoy se conoci\u00f3 que el ex presidente del Club Pescadores ser\u00e1 el nuevo Secretario de Gobierno tras la renuncia de Silvio Corti este lunes. Hasta hoy en la ma\u00f1ana se rumoreaba la posibilidad de que Vlaeminck ocupe el cargo y as\u00ed ser\u00e1 definitivamente y siendo anunciado oficialmente con el juramento correspondiente. Recordemos [&hellip;]<\/p>\n","protected":false},"author":4,"featured_media":98941,"comment_status":"closed","ping_status":"closed","sticky":false,"template":"","format":"standard","meta":{"om_disable_all_campaigns":false,"_jetpack_memberships_contains_paid_content":false,"footnotes":""},"categories":[50,101,2],"tags":[197,696,33,2373,19,2374,2372],"class_list":["post-98946","post","type-post","status-publish","format-standard","has-post-thumbnail","hentry","category-destacadas","category-interes-general-locales","category-locales","tag-buenos-aires","tag-interes-general","tag-locales","tag-pablo-vlaeminck","tag-san-pedro","tag-secretario-de-gobierno","tag-silvio-corti"],"aioseo_notices":[],"gutentor_comment":0,"jetpack_featured_media_url":"https:\/\/eldiariodesanpedro.com.ar\/sitio\/wp-content\/uploads\/2021\/09\/medida-22.jpg","jetpack_shortlink":"https:\/\/wp.me\/p6RhLt-pJU","jetpack_sharing_enabled":true,"_links":{"self":[{"href":"https:\/\/eldiariodesanpedro.com.ar\/sitio\/wp-json\/wp\/v2\/posts\/98946","targetHints":{"allow":["GET"]}}],"collection":[{"href":"https:\/\/eldiariodesanpedro.com.ar\/sitio\/wp-json\/wp\/v2\/posts"}],"about":[{"href":"https:\/\/eldiariodesanpedro.com.ar\/sitio\/wp-json\/wp\/v2\/types\/post"}],"author":[{"embeddable":true,"href":"https:\/\/eldiariodesanpedro.com.ar\/sitio\/wp-json\/wp\/v2\/users\/4"}],"replies":[{"embeddable":true,"href":"https:\/\/eldiariodesanpedro.com.ar\/sitio\/wp-json\/wp\/v2\/comments?post=98946"}],"version-history":[{"count":1,"href":"https:\/\/eldiariodesanpedro.com.ar\/sitio\/wp-json\/wp\/v2\/posts\/98946\/revisions"}],"predecessor-version":[{"id":98947,"href":"https:\/\/eldiariodesanpedro.com.ar\/sitio\/wp-json\/wp\/v2\/posts\/98946\/revisions\/98947"}],"wp:featuredmedia":[{"embeddable":true,"href":"https:\/\/eldiariodesanpedro.com.ar\/sitio\/wp-json\/wp\/v2\/media\/98941"}],"wp:attachment":[{"href":"https:\/\/eldiariodesanpedro.com.ar\/sitio\/wp-json\/wp\/v2\/media?parent=98946"}],"wp:term":[{"taxonomy":"category","embeddable":true,"href":"https:\/\/eldiariodesanpedro.com.ar\/sitio\/wp-json\/wp\/v2\/categories?post=98946"},{"taxonomy":"post_tag","embeddable":true,"href":"https:\/\/eldiariodesanpedro.com.ar\/sitio\/wp-json\/wp\/v2\/tags?post=98946"}],"curies":[{"name":"wp","href":"https:\/\/api.w.org\/{rel}","templated":true}]}}