{"id":9893,"date":"2016-11-08T12:37:31","date_gmt":"2016-11-08T15:37:31","guid":{"rendered":"https:\/\/eldiariodesanpedro.com.ar\/sitio\/?p=9893"},"modified":"2016-11-08T12:37:31","modified_gmt":"2016-11-08T15:37:31","slug":"hallan-muerto-de-un-disparo-en-la-cabeza-a-comisario-en-san-nicolas","status":"publish","type":"post","link":"https:\/\/eldiariodesanpedro.com.ar\/sitio\/hallan-muerto-de-un-disparo-en-la-cabeza-a-comisario-en-san-nicolas\/","title":{"rendered":"Hallan muerto de un disparo en la cabeza a comisario en San Nicol\u00e1s"},"content":{"rendered":"<p><!-- VideographyWP Plugin Message: Automatic video embedding prevented by plugin options. --><br \/>\nSeg\u00fan indicaron fuentes policiales, el comisario Rodr\u00edguez hab\u00eda discutido con una pareja suya, para terminar la relaci\u00f3n.<\/p>\n<p>Un comisario de la Polic\u00eda Bonaerense fue encontrado muerto de un disparo en la cabeza en un departamento de la ciudad bonaerense de San Nicol\u00e1s, en la zona norte de la provincia, y las sospechas apuntan a que se suicid\u00f3.<\/p>\n<p>El cuerpo del comisario Jorge Javier Rodr\u00edguez, de unos 40 a\u00f1os y que prestaba servicios en la Jefatura Distrital Ramallo, fue hallado anoche en el departamento situado en Mitre, entre Chacabuco y Olleros, en pleno centro nicole\u00f1o y en principio el caso fue caratulado como \u00absuicidio\u00bb.<br \/>\nSeg\u00fan indicaron fuentes policiales, el comisario Rodr\u00edguez hab\u00eda discutido con una pareja suya, para terminar la relaci\u00f3n, y tambi\u00e9n dej\u00f3 varios mensajes.<\/p>\n<p>El caso fue descubierto a partir de que un familiar pol\u00edtico de Rodr\u00edguez se present\u00f3 en la comisar\u00eda primera de San Nicol\u00e1s y denunci\u00f3 que hac\u00eda varios d\u00edas que no frecuentaba los lugares habituales.<\/p>\n<p>Cuando los polic\u00edas, con la autorizaci\u00f3n del fiscal en turno del Departamento Judicial local, irrumpieron en el departamento encontraron el cuerpo del comisario en el ba\u00f1o, con signos de haber recibido un tiro en la sien.<\/p>\n<p>El domicilio hab\u00eda sido invadido por olores nauseabundos por lo que se pudo inferir que el deceso de Rodr\u00edguez se hab\u00eda producido varios d\u00edas atr\u00e1s.<\/p>\n<p>El departamento estaba cerrado con llave desde adentro, no pudo percibirse desorden, por lo que la principal hip\u00f3tesis es que el polic\u00eda se realiz\u00f3 el disparo con su arma reglamentaria.<\/p>\n","protected":false},"excerpt":{"rendered":"<p>Seg\u00fan indicaron fuentes policiales, el comisario Rodr\u00edguez hab\u00eda discutido con una pareja suya, para terminar la relaci\u00f3n. Un comisario de la Polic\u00eda Bonaerense fue encontrado muerto de un disparo en la cabeza en un departamento de la ciudad bonaerense de San Nicol\u00e1s, en la zona norte de la provincia, y las sospechas apuntan a que [&hellip;]<\/p>\n","protected":false},"author":4,"featured_media":9894,"comment_status":"open","ping_status":"closed","sticky":false,"template":"","format":"standard","meta":{"om_disable_all_campaigns":false,"_jetpack_memberships_contains_paid_content":false,"footnotes":""},"categories":[621],"tags":[],"class_list":["post-9893","post","type-post","status-publish","format-standard","has-post-thumbnail","hentry","category-regionales"],"aioseo_notices":[],"gutentor_comment":0,"jetpack_featured_media_url":"https:\/\/eldiariodesanpedro.com.ar\/sitio\/wp-content\/uploads\/2016\/11\/suicidio-comisario.jpg","jetpack_shortlink":"https:\/\/wp.me\/p6RhLt-2zz","jetpack_sharing_enabled":true,"_links":{"self":[{"href":"https:\/\/eldiariodesanpedro.com.ar\/sitio\/wp-json\/wp\/v2\/posts\/9893","targetHints":{"allow":["GET"]}}],"collection":[{"href":"https:\/\/eldiariodesanpedro.com.ar\/sitio\/wp-json\/wp\/v2\/posts"}],"about":[{"href":"https:\/\/eldiariodesanpedro.com.ar\/sitio\/wp-json\/wp\/v2\/types\/post"}],"author":[{"embeddable":true,"href":"https:\/\/eldiariodesanpedro.com.ar\/sitio\/wp-json\/wp\/v2\/users\/4"}],"replies":[{"embeddable":true,"href":"https:\/\/eldiariodesanpedro.com.ar\/sitio\/wp-json\/wp\/v2\/comments?post=9893"}],"version-history":[{"count":1,"href":"https:\/\/eldiariodesanpedro.com.ar\/sitio\/wp-json\/wp\/v2\/posts\/9893\/revisions"}],"predecessor-version":[{"id":9895,"href":"https:\/\/eldiariodesanpedro.com.ar\/sitio\/wp-json\/wp\/v2\/posts\/9893\/revisions\/9895"}],"wp:featuredmedia":[{"embeddable":true,"href":"https:\/\/eldiariodesanpedro.com.ar\/sitio\/wp-json\/wp\/v2\/media\/9894"}],"wp:attachment":[{"href":"https:\/\/eldiariodesanpedro.com.ar\/sitio\/wp-json\/wp\/v2\/media?parent=9893"}],"wp:term":[{"taxonomy":"category","embeddable":true,"href":"https:\/\/eldiariodesanpedro.com.ar\/sitio\/wp-json\/wp\/v2\/categories?post=9893"},{"taxonomy":"post_tag","embeddable":true,"href":"https:\/\/eldiariodesanpedro.com.ar\/sitio\/wp-json\/wp\/v2\/tags?post=9893"}],"curies":[{"name":"wp","href":"https:\/\/api.w.org\/{rel}","templated":true}]}}