{"id":98927,"date":"2021-09-14T12:57:45","date_gmt":"2021-09-14T15:57:45","guid":{"rendered":"https:\/\/eldiariodesanpedro.com.ar\/sitio\/?p=98927"},"modified":"2021-09-14T12:57:50","modified_gmt":"2021-09-14T15:57:50","slug":"otra-vez-violencia-de-genero-un-joven-golpeo-a-su-novia","status":"publish","type":"post","link":"https:\/\/eldiariodesanpedro.com.ar\/sitio\/otra-vez-violencia-de-genero-un-joven-golpeo-a-su-novia\/","title":{"rendered":"Otra vez violencia de g\u00e9nero, un joven golpe\u00f3 a su novia"},"content":{"rendered":"<!-- VideographyWP Plugin Message: Automatic video embedding prevented by plugin options. -->\n\n<p>Ayer lunes alrededor de las 21 hs, el personal de la comisar\u00eda local se hizo presente en calle Javier Rivero al 400 aproximadamente donde realiz\u00f3 la aprehensi\u00f3n de un ciudadano de 21 a\u00f1os de edad, quien momentos antes agrede f\u00edsicamente a su pareja una mujer de 20 a\u00f1os.\u00a0<\/p>\n\n\n\n<p>La v\u00edctima sufri\u00f3 lesiones de car\u00e1cter leves, y adem\u00e1s fue asistida en Comisar\u00eda de la Mujer y la Familia. &nbsp;<\/p>\n","protected":false},"excerpt":{"rendered":"<p>Ayer lunes alrededor de las 21 hs, el personal de la comisar\u00eda local se hizo presente en calle Javier Rivero al 400 aproximadamente donde realiz\u00f3 la aprehensi\u00f3n de un ciudadano de 21 a\u00f1os de edad, quien momentos antes agrede f\u00edsicamente a su pareja una mujer de 20 a\u00f1os.\u00a0 La v\u00edctima sufri\u00f3 lesiones de car\u00e1cter leves, [&hellip;]<\/p>\n","protected":false},"author":4,"featured_media":98928,"comment_status":"closed","ping_status":"closed","sticky":false,"template":"","format":"standard","meta":{"om_disable_all_campaigns":false,"_jetpack_memberships_contains_paid_content":false,"footnotes":""},"categories":[2,103],"tags":[197,696,33,95,19,855],"class_list":["post-98927","post","type-post","status-publish","format-standard","has-post-thumbnail","hentry","category-locales","category-policiales-locales","tag-buenos-aires","tag-interes-general","tag-locales","tag-policiales","tag-san-pedro","tag-violencia-de-genero"],"aioseo_notices":[],"gutentor_comment":0,"jetpack_featured_media_url":"https:\/\/eldiariodesanpedro.com.ar\/sitio\/wp-content\/uploads\/2021\/09\/medida-21.jpg","jetpack_shortlink":"https:\/\/wp.me\/p6RhLt-pJB","jetpack_sharing_enabled":true,"_links":{"self":[{"href":"https:\/\/eldiariodesanpedro.com.ar\/sitio\/wp-json\/wp\/v2\/posts\/98927","targetHints":{"allow":["GET"]}}],"collection":[{"href":"https:\/\/eldiariodesanpedro.com.ar\/sitio\/wp-json\/wp\/v2\/posts"}],"about":[{"href":"https:\/\/eldiariodesanpedro.com.ar\/sitio\/wp-json\/wp\/v2\/types\/post"}],"author":[{"embeddable":true,"href":"https:\/\/eldiariodesanpedro.com.ar\/sitio\/wp-json\/wp\/v2\/users\/4"}],"replies":[{"embeddable":true,"href":"https:\/\/eldiariodesanpedro.com.ar\/sitio\/wp-json\/wp\/v2\/comments?post=98927"}],"version-history":[{"count":1,"href":"https:\/\/eldiariodesanpedro.com.ar\/sitio\/wp-json\/wp\/v2\/posts\/98927\/revisions"}],"predecessor-version":[{"id":98929,"href":"https:\/\/eldiariodesanpedro.com.ar\/sitio\/wp-json\/wp\/v2\/posts\/98927\/revisions\/98929"}],"wp:featuredmedia":[{"embeddable":true,"href":"https:\/\/eldiariodesanpedro.com.ar\/sitio\/wp-json\/wp\/v2\/media\/98928"}],"wp:attachment":[{"href":"https:\/\/eldiariodesanpedro.com.ar\/sitio\/wp-json\/wp\/v2\/media?parent=98927"}],"wp:term":[{"taxonomy":"category","embeddable":true,"href":"https:\/\/eldiariodesanpedro.com.ar\/sitio\/wp-json\/wp\/v2\/categories?post=98927"},{"taxonomy":"post_tag","embeddable":true,"href":"https:\/\/eldiariodesanpedro.com.ar\/sitio\/wp-json\/wp\/v2\/tags?post=98927"}],"curies":[{"name":"wp","href":"https:\/\/api.w.org\/{rel}","templated":true}]}}