{"id":9889,"date":"2016-11-08T10:00:59","date_gmt":"2016-11-08T13:00:59","guid":{"rendered":"https:\/\/eldiariodesanpedro.com.ar\/sitio\/?p=9889"},"modified":"2016-11-08T11:28:13","modified_gmt":"2016-11-08T14:28:13","slug":"senora-de-60-anos-atropellada","status":"publish","type":"post","link":"https:\/\/eldiariodesanpedro.com.ar\/sitio\/senora-de-60-anos-atropellada\/","title":{"rendered":"Se\u00f1ora de 60 a\u00f1os atropellada"},"content":{"rendered":"<p><!-- VideographyWP Plugin Message: Automatic video embedding prevented by plugin options. --><br \/>\nEn la ma\u00f1ana de hoy, alrededor de las 9 hs, en calle Saavedra entre Bottaro y 11 de Septiembre, una mujer de 60 a\u00f1os fue atropellada por una moto 110 cc. la se\u00f1ora fue trasladada al hospital de nuestra ciudad, presentaba lesiones leves. <\/p>\n","protected":false},"excerpt":{"rendered":"<p>En la ma\u00f1ana de hoy, alrededor de las 9 hs, en calle Saavedra entre Bottaro y 11 de Septiembre, una mujer de 60 a\u00f1os fue atropellada por una moto 110 cc. la se\u00f1ora fue trasladada al hospital de nuestra ciudad, presentaba lesiones leves.<\/p>\n","protected":false},"author":4,"featured_media":9890,"comment_status":"open","ping_status":"closed","sticky":false,"template":"","format":"standard","meta":{"om_disable_all_campaigns":false,"_jetpack_memberships_contains_paid_content":false,"footnotes":""},"categories":[2,103],"tags":[],"class_list":["post-9889","post","type-post","status-publish","format-standard","has-post-thumbnail","hentry","category-locales","category-policiales-locales"],"aioseo_notices":[],"gutentor_comment":0,"jetpack_featured_media_url":"https:\/\/eldiariodesanpedro.com.ar\/sitio\/wp-content\/uploads\/2016\/11\/IMG_20161108_093504513-e1478615200571.jpg","jetpack_shortlink":"https:\/\/wp.me\/p6RhLt-2zv","jetpack_sharing_enabled":true,"_links":{"self":[{"href":"https:\/\/eldiariodesanpedro.com.ar\/sitio\/wp-json\/wp\/v2\/posts\/9889","targetHints":{"allow":["GET"]}}],"collection":[{"href":"https:\/\/eldiariodesanpedro.com.ar\/sitio\/wp-json\/wp\/v2\/posts"}],"about":[{"href":"https:\/\/eldiariodesanpedro.com.ar\/sitio\/wp-json\/wp\/v2\/types\/post"}],"author":[{"embeddable":true,"href":"https:\/\/eldiariodesanpedro.com.ar\/sitio\/wp-json\/wp\/v2\/users\/4"}],"replies":[{"embeddable":true,"href":"https:\/\/eldiariodesanpedro.com.ar\/sitio\/wp-json\/wp\/v2\/comments?post=9889"}],"version-history":[{"count":2,"href":"https:\/\/eldiariodesanpedro.com.ar\/sitio\/wp-json\/wp\/v2\/posts\/9889\/revisions"}],"predecessor-version":[{"id":9892,"href":"https:\/\/eldiariodesanpedro.com.ar\/sitio\/wp-json\/wp\/v2\/posts\/9889\/revisions\/9892"}],"wp:featuredmedia":[{"embeddable":true,"href":"https:\/\/eldiariodesanpedro.com.ar\/sitio\/wp-json\/wp\/v2\/media\/9890"}],"wp:attachment":[{"href":"https:\/\/eldiariodesanpedro.com.ar\/sitio\/wp-json\/wp\/v2\/media?parent=9889"}],"wp:term":[{"taxonomy":"category","embeddable":true,"href":"https:\/\/eldiariodesanpedro.com.ar\/sitio\/wp-json\/wp\/v2\/categories?post=9889"},{"taxonomy":"post_tag","embeddable":true,"href":"https:\/\/eldiariodesanpedro.com.ar\/sitio\/wp-json\/wp\/v2\/tags?post=9889"}],"curies":[{"name":"wp","href":"https:\/\/api.w.org\/{rel}","templated":true}]}}