{"id":98887,"date":"2021-09-13T18:49:59","date_gmt":"2021-09-13T21:49:59","guid":{"rendered":"https:\/\/eldiariodesanpedro.com.ar\/sitio\/?p=98887"},"modified":"2021-09-13T18:50:05","modified_gmt":"2021-09-13T21:50:05","slug":"san-pedro-en-un-buen-momento-de-la-pandemia-sin-personas-internadas-por-la-enfermedad-y-con-solo-30-activos","status":"publish","type":"post","link":"https:\/\/eldiariodesanpedro.com.ar\/sitio\/san-pedro-en-un-buen-momento-de-la-pandemia-sin-personas-internadas-por-la-enfermedad-y-con-solo-30-activos\/","title":{"rendered":"San Pedro en un buen momento de la pandemia, sin personas internadas por la enfermedad y con solo 30 activos"},"content":{"rendered":"<!-- VideographyWP Plugin Message: Automatic video embedding prevented by plugin options. -->\n\n<p>Afortunadamente el dia de hoy se inform\u00f3 que se dio de alta la \u00faltima persona internada en la salas de Terapia Intensiva Covid y desde el viernes ya no hab\u00eda personas internadas en Andar por lo que es la primera vez tras la segunda ola que la ciudad est\u00e1 en un buen momento de tranquilidad.<\/p>\n\n\n\n<p>Lamentablemente en lo que va de la pandemia nuestra ciudad perdi\u00f3 la vida de 238 vecinos de San Pedro que quedar\u00e1n en la historia de estos dos horribles a\u00f1os.<\/p>\n\n\n\n<p>En total al d\u00eda de hoy los infectados llegan casi a 6000 personas sin contar los contactos estrechos.<\/p>\n\n\n\n<p>Desde provincia y naci\u00f3n asegura que todo esto se debe a la masiva vacunaci\u00f3n contra covid realizada en el vacunatorio del Centro de jubilados m\u00e1s otros realizados moment\u00e1neos en diferentes postas de la ciudad.<\/p>\n\n\n\n<p>De cualquier manera el Sistema de Salud se prepara para una posible tercer ola debido a la temida variante Delta, que por ahora no tuvo incidencia en el pa\u00eds entero.<\/p>\n","protected":false},"excerpt":{"rendered":"<p>Afortunadamente el dia de hoy se inform\u00f3 que se dio de alta la \u00faltima persona internada en la salas de Terapia Intensiva Covid y desde el viernes ya no hab\u00eda personas internadas en Andar por lo que es la primera vez tras la segunda ola que la ciudad est\u00e1 en un buen momento de tranquilidad. [&hellip;]<\/p>\n","protected":false},"author":4,"featured_media":86026,"comment_status":"closed","ping_status":"closed","sticky":false,"template":"","format":"standard","meta":{"om_disable_all_campaigns":false,"_jetpack_memberships_contains_paid_content":false,"footnotes":""},"categories":[50,101,2],"tags":[197,808,696,33,19],"class_list":["post-98887","post","type-post","status-publish","format-standard","has-post-thumbnail","hentry","category-destacadas","category-interes-general-locales","category-locales","tag-buenos-aires","tag-coronavirus","tag-interes-general","tag-locales","tag-san-pedro"],"aioseo_notices":[],"gutentor_comment":0,"jetpack_featured_media_url":"https:\/\/eldiariodesanpedro.com.ar\/sitio\/wp-content\/uploads\/2021\/01\/coronavirus-los-numeros-la-nochebuena-y-navidad_658x400.jpg","jetpack_shortlink":"https:\/\/wp.me\/p6RhLt-pIX","jetpack_sharing_enabled":true,"_links":{"self":[{"href":"https:\/\/eldiariodesanpedro.com.ar\/sitio\/wp-json\/wp\/v2\/posts\/98887","targetHints":{"allow":["GET"]}}],"collection":[{"href":"https:\/\/eldiariodesanpedro.com.ar\/sitio\/wp-json\/wp\/v2\/posts"}],"about":[{"href":"https:\/\/eldiariodesanpedro.com.ar\/sitio\/wp-json\/wp\/v2\/types\/post"}],"author":[{"embeddable":true,"href":"https:\/\/eldiariodesanpedro.com.ar\/sitio\/wp-json\/wp\/v2\/users\/4"}],"replies":[{"embeddable":true,"href":"https:\/\/eldiariodesanpedro.com.ar\/sitio\/wp-json\/wp\/v2\/comments?post=98887"}],"version-history":[{"count":1,"href":"https:\/\/eldiariodesanpedro.com.ar\/sitio\/wp-json\/wp\/v2\/posts\/98887\/revisions"}],"predecessor-version":[{"id":98888,"href":"https:\/\/eldiariodesanpedro.com.ar\/sitio\/wp-json\/wp\/v2\/posts\/98887\/revisions\/98888"}],"wp:featuredmedia":[{"embeddable":true,"href":"https:\/\/eldiariodesanpedro.com.ar\/sitio\/wp-json\/wp\/v2\/media\/86026"}],"wp:attachment":[{"href":"https:\/\/eldiariodesanpedro.com.ar\/sitio\/wp-json\/wp\/v2\/media?parent=98887"}],"wp:term":[{"taxonomy":"category","embeddable":true,"href":"https:\/\/eldiariodesanpedro.com.ar\/sitio\/wp-json\/wp\/v2\/categories?post=98887"},{"taxonomy":"post_tag","embeddable":true,"href":"https:\/\/eldiariodesanpedro.com.ar\/sitio\/wp-json\/wp\/v2\/tags?post=98887"}],"curies":[{"name":"wp","href":"https:\/\/api.w.org\/{rel}","templated":true}]}}