{"id":98883,"date":"2021-09-13T18:33:20","date_gmt":"2021-09-13T21:33:20","guid":{"rendered":"https:\/\/eldiariodesanpedro.com.ar\/sitio\/?p=98883"},"modified":"2021-09-13T18:33:29","modified_gmt":"2021-09-13T21:33:29","slug":"19-curso-de-higiene-y-seguridad-en-la-empresa-agraria","status":"publish","type":"post","link":"https:\/\/eldiariodesanpedro.com.ar\/sitio\/19-curso-de-higiene-y-seguridad-en-la-empresa-agraria\/","title":{"rendered":"19\u00b0 Curso de Higiene y seguridad en la empresa agraria"},"content":{"rendered":"<!-- VideographyWP Plugin Message: Automatic video embedding prevented by plugin options. -->\n\n<p>El jueves 16 de septiembre tendr\u00e1 lugar una nueva edici\u00f3n de la capacitaci\u00f3n que pone foco en la prevenci\u00f3n de accidentes laborales en el sector agrario. Con modalidad on line a trav\u00e9s del canal de Youtube de INTA San Pedro. Requiere inscripci\u00f3n previa.<\/p>\n\n\n\n<p>Desde hace 19 a\u00f1os, INTA San Pedro comparte herramientas para referentes de empresas, capataces y trabajadores rurales en la b\u00fasqueda de reducir los riesgos vinculados con el trabajo en el medio rural. Adem\u00e1s, con la puesta en pr\u00e1ctica obligatoria, hace unos a\u00f1os, de las Buenas Pr\u00e1cticas Agr\u00edcolas en frutas y hortalizas, este curso adquiere relevancia por ser el \u00fanico que viene teniendo continuidad en el norte bonaerense donde muchas empresas frutihort\u00edcolas lo requieren para acreditar el cumplimiento de protocolos nacionales e internacionales.<\/p>\n\n\n\n<p>El espacio busca la sensibilizaci\u00f3n vinculada a algunos peligros asociados al trabajo rural, teniendo en cuenta que el sector de agricultura est\u00e1 tercero con un \u00edndice de incidencia de accidentes del trabajo (AT) y enfermedades profesionales (EP) de 67,7% (2019) ocupando el tercer lugar despu\u00e9s de la construcci\u00f3n, con mayor cantidad de accidentes y enfermedades. Cada a\u00f1o se producen lesiones graves y muertes por accidentes que podr\u00edan evitarse, situaciones que se producen a partir de la falta de capacitaci\u00f3n adecuada, las deficientes condiciones de infraestructura, maquinarias y herramientas en mal estado, entre otras.<\/p>\n\n\n\n<p>El espacio, que&nbsp; apunta a mejorar las condiciones de trabajo del sector, y disminuir la cantidad de accidentes y enfermedades, se realiza en el marco de varios Proyectos de INTA, y est\u00e1 orientado a los trabajadores del sector agrario, capataces,&nbsp; profesionales y estudiantes que buscan&nbsp; informaci\u00f3n sobre la Higiene, seguridad y ergonom\u00eda en el sector agropecuario. En esta edici\u00f3n se presentar\u00e1n&nbsp; los derechos y obligaciones en el sistema argentino de prevenci\u00f3n de riesgos, los trastornos m\u00fasculo-esquel\u00e9ticos en el trabajador agropecuario y el uso responsable de agroqu\u00edmicos, incluyendo conceptos vinculados a las Buenas Pr\u00e1cticas Agr\u00edcolas.<\/p>\n\n\n\n<p><strong>Detalles<br><\/strong>&#8211; Jueves, 16 de septiembre &#8211; 14 hs<br>&#8211; Por el&nbsp;<a href=\"https:\/\/youtu.be\/Ano2nLhhBkk%20\">Canal de Youtube de INTA San Pedro<\/a>&nbsp;<a href=\"https:\/\/youtu.be\/Ano2nLhhBkk%C2%A0\">https:\/\/youtu.be\/Ano2nLhhBkk&nbsp;<\/a><br>&#8211; Los certificados se env\u00edan por email. Para ello previamente hay que responder un cuestionario que da cuenta de la participaci\u00f3n en el curso.<br>&#8211;&nbsp;<a href=\"https:\/\/bit.ly\/19cursohys\">Inscripci\u00f3n<\/a>:&nbsp;<a href=\"https:\/\/bit.ly\/19cursohys\">https:\/\/bit.ly\/19cursohys<\/a><\/p>\n\n\n\n<p><strong>Programa:<br><\/strong>&#8211; Presentaci\u00f3n del curso, Ing Agr Laura Hansen, Directora de la EEA San Pedro; e&nbsp;Ing. P.A. M.Sc. Ignacio Paunero, Investigador y especialista en Higiene y Seguridad en la EEA San Pedro.<br>-Derechos y obligaciones en el Sistema de Riesgos del Trabajo. Ing. Agr. Daniel Christian Marthi, Superintendencia de Riesgos del Trabajo (SRT)&nbsp;<br>&#8211; Trastornos M\u00fasculo-esquel\u00e9ticos en el trabajador agropecuario. Lic. Martin M. Moro (Lic. en Kinesiolog\u00eda y Fisiatr\u00eda \u2013 UBA) Asesor actividad privada y Municipio de Goya, Corrientes<br>&#8211; Uso responsable de agroqu\u00edmicos,&nbsp; Ing. P.A. M.Sc. Ignacio Paunero. EEA San Pedro<br>&#8211; Intercambio. Espacio para preguntas<\/p>\n\n\n\n<p><strong>Este curso se realiza en el marco de los siguientes Proyectos INTA:<br><\/strong>Proyecto estructurales:&nbsp;<br>-I054 Gesti\u00f3n sostenible de fitosanitarios<br>-I010 Intensificaci\u00f3n de las cadenas frut\u00edcolas<br>-I500 Intensificaci\u00f3n sostenible de sistemas hort\u00edcolas<\/p>\n\n\n\n<p>Plataforma de innovaci\u00f3n territorial Producciones intensivas del norte bonaerense<strong>Para m\u00e1s informaci\u00f3n:<\/strong><\/p>\n\n\n\n<p>Ignacio Paunero &#8211;&nbsp;<a href=\"mailto:paunero.ignacio@inta.gob.ar\">paunero.ignacio@inta.gob.ar<\/a><\/p>\n","protected":false},"excerpt":{"rendered":"<p>El jueves 16 de septiembre tendr\u00e1 lugar una nueva edici\u00f3n de la capacitaci\u00f3n que pone foco en la prevenci\u00f3n de accidentes laborales en el sector agrario. Con modalidad on line a trav\u00e9s del canal de Youtube de INTA San Pedro. Requiere inscripci\u00f3n previa. Desde hace 19 a\u00f1os, INTA San Pedro comparte herramientas para referentes de [&hellip;]<\/p>\n","protected":false},"author":4,"featured_media":98884,"comment_status":"closed","ping_status":"closed","sticky":false,"template":"","format":"standard","meta":{"om_disable_all_campaigns":false,"_jetpack_memberships_contains_paid_content":false,"footnotes":""},"categories":[2],"tags":[197,696,33,19],"class_list":["post-98883","post","type-post","status-publish","format-standard","has-post-thumbnail","hentry","category-locales","tag-buenos-aires","tag-interes-general","tag-locales","tag-san-pedro"],"aioseo_notices":[],"gutentor_comment":0,"jetpack_featured_media_url":"https:\/\/eldiariodesanpedro.com.ar\/sitio\/wp-content\/uploads\/2021\/09\/capacitacion_en_cosecha_de_duraznos_2008_1_0-scaled.jpg","jetpack_shortlink":"https:\/\/wp.me\/p6RhLt-pIT","jetpack_sharing_enabled":true,"_links":{"self":[{"href":"https:\/\/eldiariodesanpedro.com.ar\/sitio\/wp-json\/wp\/v2\/posts\/98883","targetHints":{"allow":["GET"]}}],"collection":[{"href":"https:\/\/eldiariodesanpedro.com.ar\/sitio\/wp-json\/wp\/v2\/posts"}],"about":[{"href":"https:\/\/eldiariodesanpedro.com.ar\/sitio\/wp-json\/wp\/v2\/types\/post"}],"author":[{"embeddable":true,"href":"https:\/\/eldiariodesanpedro.com.ar\/sitio\/wp-json\/wp\/v2\/users\/4"}],"replies":[{"embeddable":true,"href":"https:\/\/eldiariodesanpedro.com.ar\/sitio\/wp-json\/wp\/v2\/comments?post=98883"}],"version-history":[{"count":1,"href":"https:\/\/eldiariodesanpedro.com.ar\/sitio\/wp-json\/wp\/v2\/posts\/98883\/revisions"}],"predecessor-version":[{"id":98885,"href":"https:\/\/eldiariodesanpedro.com.ar\/sitio\/wp-json\/wp\/v2\/posts\/98883\/revisions\/98885"}],"wp:featuredmedia":[{"embeddable":true,"href":"https:\/\/eldiariodesanpedro.com.ar\/sitio\/wp-json\/wp\/v2\/media\/98884"}],"wp:attachment":[{"href":"https:\/\/eldiariodesanpedro.com.ar\/sitio\/wp-json\/wp\/v2\/media?parent=98883"}],"wp:term":[{"taxonomy":"category","embeddable":true,"href":"https:\/\/eldiariodesanpedro.com.ar\/sitio\/wp-json\/wp\/v2\/categories?post=98883"},{"taxonomy":"post_tag","embeddable":true,"href":"https:\/\/eldiariodesanpedro.com.ar\/sitio\/wp-json\/wp\/v2\/tags?post=98883"}],"curies":[{"name":"wp","href":"https:\/\/api.w.org\/{rel}","templated":true}]}}