{"id":9887,"date":"2016-11-08T08:48:25","date_gmt":"2016-11-08T11:48:25","guid":{"rendered":"https:\/\/eldiariodesanpedro.com.ar\/sitio\/?p=9887"},"modified":"2016-11-08T08:48:25","modified_gmt":"2016-11-08T11:48:25","slug":"en-la-zona-rural-recuperan-una-moto-robada","status":"publish","type":"post","link":"https:\/\/eldiariodesanpedro.com.ar\/sitio\/en-la-zona-rural-recuperan-una-moto-robada\/","title":{"rendered":"En la zona rural recuperan una moto robada"},"content":{"rendered":"<p><!-- VideographyWP Plugin Message: Automatic video embedding prevented by plugin options. --><br \/>\nEste lunes en horas del medio d\u00eda, en la zona rural se identifico a una se\u00f1ora mayor de edad que circulaba en una motocicleta Gilera Smash 110 color rojo, la cual se constat\u00f3 a trav\u00e9s del n\u00famero de chasis y n\u00famero de motor que se encontraba con pedido de secuestro activo por robo. El mismo ocurri\u00f3 el d\u00eda 26 de Mayo de 2014, solicitado por la UFI N\u00b05. Tanto la mujer como el rodado fueron trasladados a la comisar\u00eda local seg\u00fan orden\u00f3 la fiscalia. <\/p>\n","protected":false},"excerpt":{"rendered":"<p>Este lunes en horas del medio d\u00eda, en la zona rural se identifico a una se\u00f1ora mayor de edad que circulaba en una motocicleta Gilera Smash 110 color rojo, la cual se constat\u00f3 a trav\u00e9s del n\u00famero de chasis y n\u00famero de motor que se encontraba con pedido de secuestro activo por robo. El mismo [&hellip;]<\/p>\n","protected":false},"author":4,"featured_media":3029,"comment_status":"open","ping_status":"closed","sticky":false,"template":"","format":"standard","meta":{"om_disable_all_campaigns":false,"_jetpack_memberships_contains_paid_content":false,"footnotes":""},"categories":[2,103],"tags":[],"class_list":["post-9887","post","type-post","status-publish","format-standard","has-post-thumbnail","hentry","category-locales","category-policiales-locales"],"aioseo_notices":[],"gutentor_comment":0,"jetpack_featured_media_url":"https:\/\/eldiariodesanpedro.com.ar\/sitio\/wp-content\/uploads\/2016\/04\/moto-patrullero.jpg","jetpack_shortlink":"https:\/\/wp.me\/p6RhLt-2zt","jetpack_sharing_enabled":true,"_links":{"self":[{"href":"https:\/\/eldiariodesanpedro.com.ar\/sitio\/wp-json\/wp\/v2\/posts\/9887","targetHints":{"allow":["GET"]}}],"collection":[{"href":"https:\/\/eldiariodesanpedro.com.ar\/sitio\/wp-json\/wp\/v2\/posts"}],"about":[{"href":"https:\/\/eldiariodesanpedro.com.ar\/sitio\/wp-json\/wp\/v2\/types\/post"}],"author":[{"embeddable":true,"href":"https:\/\/eldiariodesanpedro.com.ar\/sitio\/wp-json\/wp\/v2\/users\/4"}],"replies":[{"embeddable":true,"href":"https:\/\/eldiariodesanpedro.com.ar\/sitio\/wp-json\/wp\/v2\/comments?post=9887"}],"version-history":[{"count":1,"href":"https:\/\/eldiariodesanpedro.com.ar\/sitio\/wp-json\/wp\/v2\/posts\/9887\/revisions"}],"predecessor-version":[{"id":9888,"href":"https:\/\/eldiariodesanpedro.com.ar\/sitio\/wp-json\/wp\/v2\/posts\/9887\/revisions\/9888"}],"wp:featuredmedia":[{"embeddable":true,"href":"https:\/\/eldiariodesanpedro.com.ar\/sitio\/wp-json\/wp\/v2\/media\/3029"}],"wp:attachment":[{"href":"https:\/\/eldiariodesanpedro.com.ar\/sitio\/wp-json\/wp\/v2\/media?parent=9887"}],"wp:term":[{"taxonomy":"category","embeddable":true,"href":"https:\/\/eldiariodesanpedro.com.ar\/sitio\/wp-json\/wp\/v2\/categories?post=9887"},{"taxonomy":"post_tag","embeddable":true,"href":"https:\/\/eldiariodesanpedro.com.ar\/sitio\/wp-json\/wp\/v2\/tags?post=9887"}],"curies":[{"name":"wp","href":"https:\/\/api.w.org\/{rel}","templated":true}]}}