{"id":98861,"date":"2021-09-13T11:21:45","date_gmt":"2021-09-13T14:21:45","guid":{"rendered":"https:\/\/eldiariodesanpedro.com.ar\/sitio\/?p=98861"},"modified":"2021-09-13T11:21:50","modified_gmt":"2021-09-13T14:21:50","slug":"como-quedaron-definitivamente-las-listas-para-las-proximas-elecciones-generales-de-noviembre","status":"publish","type":"post","link":"https:\/\/eldiariodesanpedro.com.ar\/sitio\/como-quedaron-definitivamente-las-listas-para-las-proximas-elecciones-generales-de-noviembre\/","title":{"rendered":"\u00bfC\u00f3mo quedaron definitivamente las listas para las pr\u00f3ximas elecciones generales de noviembre?"},"content":{"rendered":"<!-- VideographyWP Plugin Message: Automatic video embedding prevented by plugin options. -->\n\n<p>Un d\u00eda despu\u00e9s de las elecciones legislativas PASO con el 95% de las mesas escrutadas ya qued\u00f3 definido los candidatos que participar\u00e1n en las pr\u00f3ximas elecciones generales que se realizar\u00e1n en noviembre.<\/p>\n\n\n\n<p>En nuestra ciudad hubo un poco m\u00e1s de 30560 votos con lo que quedaron 7 candidatos a concejales Daniel Creus, Paola Basso, Martin Rivas, Veronica Gonzalez, Claudio Cejas, Miguel Iglesias y Rodolfo Sosa.<\/p>\n\n\n\n<p>Los n\u00fameros quedaron de la siguiente manera:&nbsp;<\/p>\n\n\n\n<p><strong>FRENTE JUNTOS (votos totales 14712)<\/strong> <br>Dar El Paso &#8211; Paola Basso 5448 votos (ganadora de interna) <br>A &#8211; Guillermo Sancho 5009 votos\u00a0 <br>B &#8211; Damian Lafalce 2145 votos <br>C &#8211; Ana Tiramonti 2110 votos<\/p>\n\n\n\n<p><strong>FRENTE DE TODOS (votos totales 10111) <br><\/strong>Celeste y Blanca 2 &#8211; Daniel Creus 10111 votos (ganador)<\/p>\n\n\n\n<p><strong>AVANZA LIBERTAD (votos totales 1512) <br><\/strong>Libertad &#8211; Martin Rivas 1512 votos (candidato)<\/p>\n\n\n\n<p><strong>FRENTE VAMOS CON VOS (votos totales 1031) <br><\/strong>Hay Otro Camino &#8211; Veronica Gonzalez 1031 votos (candidato)<\/p>\n\n\n\n<p><strong>FRENTE DE IZQUIERDA Y TRABAJADORES (votos totales 828)\u00a0 <br><\/strong>Unidad de la Izquierda &#8211; Claudio Cejas 828 votos (candidato)<\/p>\n\n\n\n<p><strong>UNI\u00d3N CELESTE Y BLANCO (votos totales 654) <br><\/strong>+Valores &#8211; Miguel Iglesias 654 votos (candidato)<\/p>\n\n\n\n<p><strong>REPUBLICANO FEDERAL (votos totales 485) <br><\/strong>Principios y valores &#8211; Rodolfo Sosa 485 votos<\/p>\n","protected":false},"excerpt":{"rendered":"<p>Un d\u00eda despu\u00e9s de las elecciones legislativas PASO con el 95% de las mesas escrutadas ya qued\u00f3 definido los candidatos que participar\u00e1n en las pr\u00f3ximas elecciones generales que se realizar\u00e1n en noviembre. En nuestra ciudad hubo un poco m\u00e1s de 30560 votos con lo que quedaron 7 candidatos a concejales Daniel Creus, Paola Basso, Martin [&hellip;]<\/p>\n","protected":false},"author":4,"featured_media":98862,"comment_status":"closed","ping_status":"closed","sticky":false,"template":"","format":"standard","meta":{"om_disable_all_campaigns":false,"_jetpack_memberships_contains_paid_content":false,"footnotes":""},"categories":[2],"tags":[197,35,696,33,19],"class_list":["post-98861","post","type-post","status-publish","format-standard","has-post-thumbnail","hentry","category-locales","tag-buenos-aires","tag-elecciones","tag-interes-general","tag-locales","tag-san-pedro"],"aioseo_notices":[],"gutentor_comment":0,"jetpack_featured_media_url":"https:\/\/eldiariodesanpedro.com.ar\/sitio\/wp-content\/uploads\/2021\/09\/medida-19.jpg","jetpack_shortlink":"https:\/\/wp.me\/p6RhLt-pIx","jetpack_sharing_enabled":true,"_links":{"self":[{"href":"https:\/\/eldiariodesanpedro.com.ar\/sitio\/wp-json\/wp\/v2\/posts\/98861","targetHints":{"allow":["GET"]}}],"collection":[{"href":"https:\/\/eldiariodesanpedro.com.ar\/sitio\/wp-json\/wp\/v2\/posts"}],"about":[{"href":"https:\/\/eldiariodesanpedro.com.ar\/sitio\/wp-json\/wp\/v2\/types\/post"}],"author":[{"embeddable":true,"href":"https:\/\/eldiariodesanpedro.com.ar\/sitio\/wp-json\/wp\/v2\/users\/4"}],"replies":[{"embeddable":true,"href":"https:\/\/eldiariodesanpedro.com.ar\/sitio\/wp-json\/wp\/v2\/comments?post=98861"}],"version-history":[{"count":1,"href":"https:\/\/eldiariodesanpedro.com.ar\/sitio\/wp-json\/wp\/v2\/posts\/98861\/revisions"}],"predecessor-version":[{"id":98863,"href":"https:\/\/eldiariodesanpedro.com.ar\/sitio\/wp-json\/wp\/v2\/posts\/98861\/revisions\/98863"}],"wp:featuredmedia":[{"embeddable":true,"href":"https:\/\/eldiariodesanpedro.com.ar\/sitio\/wp-json\/wp\/v2\/media\/98862"}],"wp:attachment":[{"href":"https:\/\/eldiariodesanpedro.com.ar\/sitio\/wp-json\/wp\/v2\/media?parent=98861"}],"wp:term":[{"taxonomy":"category","embeddable":true,"href":"https:\/\/eldiariodesanpedro.com.ar\/sitio\/wp-json\/wp\/v2\/categories?post=98861"},{"taxonomy":"post_tag","embeddable":true,"href":"https:\/\/eldiariodesanpedro.com.ar\/sitio\/wp-json\/wp\/v2\/tags?post=98861"}],"curies":[{"name":"wp","href":"https:\/\/api.w.org\/{rel}","templated":true}]}}