{"id":9880,"date":"2016-11-07T22:19:43","date_gmt":"2016-11-08T01:19:43","guid":{"rendered":"https:\/\/eldiariodesanpedro.com.ar\/sitio\/?p=9880"},"modified":"2016-11-07T23:06:53","modified_gmt":"2016-11-08T02:06:53","slug":"intento-quitarse-la-vida-y-la-familia-la-salvo","status":"publish","type":"post","link":"https:\/\/eldiariodesanpedro.com.ar\/sitio\/intento-quitarse-la-vida-y-la-familia-la-salvo\/","title":{"rendered":"Intent\u00f3 quitarse la vida y la familia la salvo"},"content":{"rendered":"<p><!-- VideographyWP Plugin Message: Automatic video embedding prevented by plugin options. --><br \/>\nEn la noche de hoy, alrededor de las 21.00, personal policial se hizo presente en Bozzano al 933 debido a que una se\u00f1ora mayor de edad de entre 30 y 40 a\u00f1os, intent\u00f3 quitarse la vida con un cintur\u00f3n de cuero. Sin embargo, los familiares pudieron llegar a tiempo y salvar a la mujer. En estos momentos se tratan de establecer los motivos por los que esta persona habr\u00eda tomado la tr\u00e1gica decisi\u00f3n.<\/p>\n","protected":false},"excerpt":{"rendered":"<p>En la noche de hoy, alrededor de las 21.00, personal policial se hizo presente en Bozzano al 933 debido a que una se\u00f1ora mayor de edad de entre 30 y 40 a\u00f1os, intent\u00f3 quitarse la vida con un cintur\u00f3n de cuero. Sin embargo, los familiares pudieron llegar a tiempo y salvar a la mujer. En [&hellip;]<\/p>\n","protected":false},"author":4,"featured_media":9881,"comment_status":"open","ping_status":"closed","sticky":false,"template":"","format":"standard","meta":{"om_disable_all_campaigns":false,"_jetpack_memberships_contains_paid_content":false,"footnotes":""},"categories":[50,2,103],"tags":[],"class_list":["post-9880","post","type-post","status-publish","format-standard","has-post-thumbnail","hentry","category-destacadas","category-locales","category-policiales-locales"],"aioseo_notices":[],"gutentor_comment":0,"jetpack_featured_media_url":"https:\/\/eldiariodesanpedro.com.ar\/sitio\/wp-content\/uploads\/2016\/11\/IMG-20161107-WA0030.jpg","jetpack_shortlink":"https:\/\/wp.me\/p6RhLt-2zm","jetpack_sharing_enabled":true,"_links":{"self":[{"href":"https:\/\/eldiariodesanpedro.com.ar\/sitio\/wp-json\/wp\/v2\/posts\/9880","targetHints":{"allow":["GET"]}}],"collection":[{"href":"https:\/\/eldiariodesanpedro.com.ar\/sitio\/wp-json\/wp\/v2\/posts"}],"about":[{"href":"https:\/\/eldiariodesanpedro.com.ar\/sitio\/wp-json\/wp\/v2\/types\/post"}],"author":[{"embeddable":true,"href":"https:\/\/eldiariodesanpedro.com.ar\/sitio\/wp-json\/wp\/v2\/users\/4"}],"replies":[{"embeddable":true,"href":"https:\/\/eldiariodesanpedro.com.ar\/sitio\/wp-json\/wp\/v2\/comments?post=9880"}],"version-history":[{"count":3,"href":"https:\/\/eldiariodesanpedro.com.ar\/sitio\/wp-json\/wp\/v2\/posts\/9880\/revisions"}],"predecessor-version":[{"id":9886,"href":"https:\/\/eldiariodesanpedro.com.ar\/sitio\/wp-json\/wp\/v2\/posts\/9880\/revisions\/9886"}],"wp:featuredmedia":[{"embeddable":true,"href":"https:\/\/eldiariodesanpedro.com.ar\/sitio\/wp-json\/wp\/v2\/media\/9881"}],"wp:attachment":[{"href":"https:\/\/eldiariodesanpedro.com.ar\/sitio\/wp-json\/wp\/v2\/media?parent=9880"}],"wp:term":[{"taxonomy":"category","embeddable":true,"href":"https:\/\/eldiariodesanpedro.com.ar\/sitio\/wp-json\/wp\/v2\/categories?post=9880"},{"taxonomy":"post_tag","embeddable":true,"href":"https:\/\/eldiariodesanpedro.com.ar\/sitio\/wp-json\/wp\/v2\/tags?post=9880"}],"curies":[{"name":"wp","href":"https:\/\/api.w.org\/{rel}","templated":true}]}}