{"id":98798,"date":"2021-09-12T11:05:09","date_gmt":"2021-09-12T14:05:09","guid":{"rendered":"https:\/\/eldiariodesanpedro.com.ar\/sitio\/?p=98798"},"modified":"2021-09-12T11:05:14","modified_gmt":"2021-09-12T14:05:14","slug":"condolencias-por-el-fallecimiento-del-sr-nestor-casal-2","status":"publish","type":"post","link":"https:\/\/eldiariodesanpedro.com.ar\/sitio\/condolencias-por-el-fallecimiento-del-sr-nestor-casal-2\/","title":{"rendered":"Condolencias por el fallecimiento del Sr. N\u00e9stor Casal"},"content":{"rendered":"<!-- VideographyWP Plugin Message: Automatic video embedding prevented by plugin options. -->\n\n<p> El Centro de Comercio, Industria y Turismo lamenta comunicar el fallecimiento del Sr. N\u00e9stor Casal, ex Secretario de nuestra Entidad, ex representante del Centro en el Consorcio de Gesti\u00f3n del Puerto de San Pedro y miembro de la C\u00e1mara de Comercio Exterior conformada dentro de nuestra Instituci\u00f3n. <\/p>\n","protected":false},"excerpt":{"rendered":"<p>El Centro de Comercio, Industria y Turismo lamenta comunicar el fallecimiento del Sr. N\u00e9stor Casal, ex Secretario de nuestra Entidad, ex representante del Centro en el Consorcio de Gesti\u00f3n del Puerto de San Pedro y miembro de la C\u00e1mara de Comercio Exterior conformada dentro de nuestra Instituci\u00f3n.<\/p>\n","protected":false},"author":4,"featured_media":98796,"comment_status":"closed","ping_status":"closed","sticky":false,"template":"","format":"standard","meta":{"om_disable_all_campaigns":false,"_jetpack_memberships_contains_paid_content":false,"footnotes":""},"categories":[50,101,2],"tags":[197,696,33,19],"class_list":["post-98798","post","type-post","status-publish","format-standard","has-post-thumbnail","hentry","category-destacadas","category-interes-general-locales","category-locales","tag-buenos-aires","tag-interes-general","tag-locales","tag-san-pedro"],"aioseo_notices":[],"gutentor_comment":0,"jetpack_featured_media_url":"https:\/\/eldiariodesanpedro.com.ar\/sitio\/wp-content\/uploads\/2021\/09\/NESTOR.jpg","jetpack_shortlink":"https:\/\/wp.me\/p6RhLt-pHw","jetpack_sharing_enabled":true,"_links":{"self":[{"href":"https:\/\/eldiariodesanpedro.com.ar\/sitio\/wp-json\/wp\/v2\/posts\/98798","targetHints":{"allow":["GET"]}}],"collection":[{"href":"https:\/\/eldiariodesanpedro.com.ar\/sitio\/wp-json\/wp\/v2\/posts"}],"about":[{"href":"https:\/\/eldiariodesanpedro.com.ar\/sitio\/wp-json\/wp\/v2\/types\/post"}],"author":[{"embeddable":true,"href":"https:\/\/eldiariodesanpedro.com.ar\/sitio\/wp-json\/wp\/v2\/users\/4"}],"replies":[{"embeddable":true,"href":"https:\/\/eldiariodesanpedro.com.ar\/sitio\/wp-json\/wp\/v2\/comments?post=98798"}],"version-history":[{"count":1,"href":"https:\/\/eldiariodesanpedro.com.ar\/sitio\/wp-json\/wp\/v2\/posts\/98798\/revisions"}],"predecessor-version":[{"id":98799,"href":"https:\/\/eldiariodesanpedro.com.ar\/sitio\/wp-json\/wp\/v2\/posts\/98798\/revisions\/98799"}],"wp:featuredmedia":[{"embeddable":true,"href":"https:\/\/eldiariodesanpedro.com.ar\/sitio\/wp-json\/wp\/v2\/media\/98796"}],"wp:attachment":[{"href":"https:\/\/eldiariodesanpedro.com.ar\/sitio\/wp-json\/wp\/v2\/media?parent=98798"}],"wp:term":[{"taxonomy":"category","embeddable":true,"href":"https:\/\/eldiariodesanpedro.com.ar\/sitio\/wp-json\/wp\/v2\/categories?post=98798"},{"taxonomy":"post_tag","embeddable":true,"href":"https:\/\/eldiariodesanpedro.com.ar\/sitio\/wp-json\/wp\/v2\/tags?post=98798"}],"curies":[{"name":"wp","href":"https:\/\/api.w.org\/{rel}","templated":true}]}}