{"id":98789,"date":"2021-09-11T21:33:56","date_gmt":"2021-09-12T00:33:56","guid":{"rendered":"https:\/\/eldiariodesanpedro.com.ar\/sitio\/?p=98789"},"modified":"2021-09-11T21:34:03","modified_gmt":"2021-09-12T00:34:03","slug":"pesar-por-el-fallecimiento-de-lautaro-ruiz-joven-internado-en-junin","status":"publish","type":"post","link":"https:\/\/eldiariodesanpedro.com.ar\/sitio\/pesar-por-el-fallecimiento-de-lautaro-ruiz-joven-internado-en-junin\/","title":{"rendered":"Pesar por el fallecimiento de Lautaro Ruiz joven internado en Jun\u00edn"},"content":{"rendered":"<!-- VideographyWP Plugin Message: Automatic video embedding prevented by plugin options. -->\n\n<p>Este s\u00e1bado la familia inform\u00f3 el fallecimiento de Lautaro Ruiz, el joven de 18 a\u00f1os que sufri\u00f3 un accidente en moto el 4 de abril pasado.&nbsp;<\/p>\n\n\n\n<p>El joven fue intervenido y estaba en coma desde su traslado a la localidad de Jun\u00edn y pas\u00f3 por distintos momentos que incluyeron inflamaci\u00f3n en el cr\u00e1neo, al menos dos paro respiratorios en los primeros d\u00edas de internaci\u00f3n, levant\u00f3 fiebre y en estos tiempos se esperaba por una evoluci\u00f3n favorable que no sucedi\u00f3.<\/p>\n\n\n\n<p>Recordemos que el hecho tuvo lugar en la Av. 11 de Septiembre y D\u00e1vila en horas de la madrugada, cuando choc\u00f3 con otro motociclista de su misma edad, la joven que lo acompa\u00f1aba no present\u00f3 lesiones de gravedad y el otro joven result\u00f3 ileso.<\/p>\n\n\n\n<figure class=\"wp-block-image size-full\"><img decoding=\"async\" width=\"540\" height=\"537\" data-attachment-id=\"98790\" data-permalink=\"https:\/\/eldiariodesanpedro.com.ar\/sitio\/pesar-por-el-fallecimiento-de-lautaro-ruiz-joven-internado-en-junin\/241731781_2086895664782253_2396003283063200516_n\/\" data-orig-file=\"https:\/\/eldiariodesanpedro.com.ar\/sitio\/wp-content\/uploads\/2021\/09\/241731781_2086895664782253_2396003283063200516_n.jpg\" data-orig-size=\"540,537\" data-comments-opened=\"0\" data-image-meta=\"{&quot;aperture&quot;:&quot;0&quot;,&quot;credit&quot;:&quot;&quot;,&quot;camera&quot;:&quot;&quot;,&quot;caption&quot;:&quot;&quot;,&quot;created_timestamp&quot;:&quot;0&quot;,&quot;copyright&quot;:&quot;&quot;,&quot;focal_length&quot;:&quot;0&quot;,&quot;iso&quot;:&quot;0&quot;,&quot;shutter_speed&quot;:&quot;0&quot;,&quot;title&quot;:&quot;&quot;,&quot;orientation&quot;:&quot;0&quot;}\" data-image-title=\"241731781_2086895664782253_2396003283063200516_n\" data-image-description=\"\" data-image-caption=\"\" data-large-file=\"https:\/\/eldiariodesanpedro.com.ar\/sitio\/wp-content\/uploads\/2021\/09\/241731781_2086895664782253_2396003283063200516_n.jpg\" data-src=\"https:\/\/eldiariodesanpedro.com.ar\/sitio\/wp-content\/uploads\/2021\/09\/241731781_2086895664782253_2396003283063200516_n.jpg\" alt=\"\" class=\"wp-image-98790 lazyload\" data-srcset=\"https:\/\/eldiariodesanpedro.com.ar\/sitio\/wp-content\/uploads\/2021\/09\/241731781_2086895664782253_2396003283063200516_n.jpg 540w, https:\/\/eldiariodesanpedro.com.ar\/sitio\/wp-content\/uploads\/2021\/09\/241731781_2086895664782253_2396003283063200516_n-300x298.jpg 300w, https:\/\/eldiariodesanpedro.com.ar\/sitio\/wp-content\/uploads\/2021\/09\/241731781_2086895664782253_2396003283063200516_n-150x150.jpg 150w\" data-sizes=\"(max-width: 540px) 100vw, 540px\" src=\"data:image\/svg+xml;base64,PHN2ZyB3aWR0aD0iMSIgaGVpZ2h0PSIxIiB4bWxucz0iaHR0cDovL3d3dy53My5vcmcvMjAwMC9zdmciPjwvc3ZnPg==\" style=\"--smush-placeholder-width: 540px; --smush-placeholder-aspect-ratio: 540\/537;\" \/><\/figure>\n","protected":false},"excerpt":{"rendered":"<p>Este s\u00e1bado la familia inform\u00f3 el fallecimiento de Lautaro Ruiz, el joven de 18 a\u00f1os que sufri\u00f3 un accidente en moto el 4 de abril pasado.&nbsp; El joven fue intervenido y estaba en coma desde su traslado a la localidad de Jun\u00edn y pas\u00f3 por distintos momentos que incluyeron inflamaci\u00f3n en el cr\u00e1neo, al menos [&hellip;]<\/p>\n","protected":false},"author":4,"featured_media":98791,"comment_status":"closed","ping_status":"closed","sticky":false,"template":"","format":"standard","meta":{"om_disable_all_campaigns":false,"_jetpack_memberships_contains_paid_content":false,"footnotes":""},"categories":[50,101,2],"tags":[],"class_list":["post-98789","post","type-post","status-publish","format-standard","has-post-thumbnail","hentry","category-destacadas","category-interes-general-locales","category-locales"],"aioseo_notices":[],"gutentor_comment":0,"jetpack_featured_media_url":"https:\/\/eldiariodesanpedro.com.ar\/sitio\/wp-content\/uploads\/2021\/09\/medida-13.jpg","jetpack_shortlink":"https:\/\/wp.me\/p6RhLt-pHn","jetpack_sharing_enabled":true,"_links":{"self":[{"href":"https:\/\/eldiariodesanpedro.com.ar\/sitio\/wp-json\/wp\/v2\/posts\/98789","targetHints":{"allow":["GET"]}}],"collection":[{"href":"https:\/\/eldiariodesanpedro.com.ar\/sitio\/wp-json\/wp\/v2\/posts"}],"about":[{"href":"https:\/\/eldiariodesanpedro.com.ar\/sitio\/wp-json\/wp\/v2\/types\/post"}],"author":[{"embeddable":true,"href":"https:\/\/eldiariodesanpedro.com.ar\/sitio\/wp-json\/wp\/v2\/users\/4"}],"replies":[{"embeddable":true,"href":"https:\/\/eldiariodesanpedro.com.ar\/sitio\/wp-json\/wp\/v2\/comments?post=98789"}],"version-history":[{"count":1,"href":"https:\/\/eldiariodesanpedro.com.ar\/sitio\/wp-json\/wp\/v2\/posts\/98789\/revisions"}],"predecessor-version":[{"id":98792,"href":"https:\/\/eldiariodesanpedro.com.ar\/sitio\/wp-json\/wp\/v2\/posts\/98789\/revisions\/98792"}],"wp:featuredmedia":[{"embeddable":true,"href":"https:\/\/eldiariodesanpedro.com.ar\/sitio\/wp-json\/wp\/v2\/media\/98791"}],"wp:attachment":[{"href":"https:\/\/eldiariodesanpedro.com.ar\/sitio\/wp-json\/wp\/v2\/media?parent=98789"}],"wp:term":[{"taxonomy":"category","embeddable":true,"href":"https:\/\/eldiariodesanpedro.com.ar\/sitio\/wp-json\/wp\/v2\/categories?post=98789"},{"taxonomy":"post_tag","embeddable":true,"href":"https:\/\/eldiariodesanpedro.com.ar\/sitio\/wp-json\/wp\/v2\/tags?post=98789"}],"curies":[{"name":"wp","href":"https:\/\/api.w.org\/{rel}","templated":true}]}}