{"id":98786,"date":"2021-09-11T20:57:25","date_gmt":"2021-09-11T23:57:25","guid":{"rendered":"https:\/\/eldiariodesanpedro.com.ar\/sitio\/?p=98786"},"modified":"2021-09-11T20:59:09","modified_gmt":"2021-09-11T23:59:09","slug":"joven-de-16-anos-apunalado-en-la-zona-centrica","status":"publish","type":"post","link":"https:\/\/eldiariodesanpedro.com.ar\/sitio\/joven-de-16-anos-apunalado-en-la-zona-centrica\/","title":{"rendered":"Joven de 16 a\u00f1os apu\u00f1alado en la zona c\u00e9ntrica"},"content":{"rendered":"<!-- VideographyWP Plugin Message: Automatic video embedding prevented by plugin options. -->\n\n<p>En la tarde de hoy un joven de 16 a\u00f1os que se encontraba con otros amigos fue apu\u00f1alado en la zona del boulevard en la plazoleta Fray Cayetano Rodriguez.<\/p>\n\n\n\n<p>El hecho ocurri\u00f3 en la tarde noche de hoy alrededor de las 19:30 hs cuando en la plazoleta Fray cayetano Rodiguez ocurri\u00f3 una gresca entre varios masculinos, donde estuvo involucrado este menor de 16 a\u00f1os que aparentemente sufri\u00f3 un puntazo pu\u00f1alado entre el t\u00f3rax y el abdomen con una arma blanca, luego el joven se traslad\u00f3 junto a dos amigos caminando por Pellegrini hasta llegar a calle Las Heras donde ya no pudo continuar y un comerciante de la zona lo asisti\u00f3 llamando a la ambulancia,<\/p>\n\n\n\n<p>El joven fue trasladado por el SAME al nosocomio local, la polic\u00eda se encuentra investigando el hecho y el estado del joven ser\u00e1 evaluado por los m\u00e9dicos.<\/p>\n","protected":false},"excerpt":{"rendered":"<p>En la tarde de hoy un joven de 16 a\u00f1os que se encontraba con otros amigos fue apu\u00f1alado en la zona del boulevard en la plazoleta Fray Cayetano Rodriguez. El hecho ocurri\u00f3 en la tarde noche de hoy alrededor de las 19:30 hs cuando en la plazoleta Fray cayetano Rodiguez ocurri\u00f3 una gresca entre varios [&hellip;]<\/p>\n","protected":false},"author":4,"featured_media":66938,"comment_status":"closed","ping_status":"closed","sticky":false,"template":"","format":"standard","meta":{"om_disable_all_campaigns":false,"_jetpack_memberships_contains_paid_content":false,"footnotes":""},"categories":[50,2,103],"tags":[],"class_list":["post-98786","post","type-post","status-publish","format-standard","has-post-thumbnail","hentry","category-destacadas","category-locales","category-policiales-locales"],"aioseo_notices":[],"gutentor_comment":0,"jetpack_featured_media_url":"https:\/\/eldiariodesanpedro.com.ar\/sitio\/wp-content\/uploads\/2020\/01\/guardia-san-pedro-poli.jpg","jetpack_shortlink":"https:\/\/wp.me\/p6RhLt-pHk","jetpack_sharing_enabled":true,"_links":{"self":[{"href":"https:\/\/eldiariodesanpedro.com.ar\/sitio\/wp-json\/wp\/v2\/posts\/98786","targetHints":{"allow":["GET"]}}],"collection":[{"href":"https:\/\/eldiariodesanpedro.com.ar\/sitio\/wp-json\/wp\/v2\/posts"}],"about":[{"href":"https:\/\/eldiariodesanpedro.com.ar\/sitio\/wp-json\/wp\/v2\/types\/post"}],"author":[{"embeddable":true,"href":"https:\/\/eldiariodesanpedro.com.ar\/sitio\/wp-json\/wp\/v2\/users\/4"}],"replies":[{"embeddable":true,"href":"https:\/\/eldiariodesanpedro.com.ar\/sitio\/wp-json\/wp\/v2\/comments?post=98786"}],"version-history":[{"count":2,"href":"https:\/\/eldiariodesanpedro.com.ar\/sitio\/wp-json\/wp\/v2\/posts\/98786\/revisions"}],"predecessor-version":[{"id":98788,"href":"https:\/\/eldiariodesanpedro.com.ar\/sitio\/wp-json\/wp\/v2\/posts\/98786\/revisions\/98788"}],"wp:featuredmedia":[{"embeddable":true,"href":"https:\/\/eldiariodesanpedro.com.ar\/sitio\/wp-json\/wp\/v2\/media\/66938"}],"wp:attachment":[{"href":"https:\/\/eldiariodesanpedro.com.ar\/sitio\/wp-json\/wp\/v2\/media?parent=98786"}],"wp:term":[{"taxonomy":"category","embeddable":true,"href":"https:\/\/eldiariodesanpedro.com.ar\/sitio\/wp-json\/wp\/v2\/categories?post=98786"},{"taxonomy":"post_tag","embeddable":true,"href":"https:\/\/eldiariodesanpedro.com.ar\/sitio\/wp-json\/wp\/v2\/tags?post=98786"}],"curies":[{"name":"wp","href":"https:\/\/api.w.org\/{rel}","templated":true}]}}