{"id":98781,"date":"2021-09-11T18:54:33","date_gmt":"2021-09-11T21:54:33","guid":{"rendered":"https:\/\/eldiariodesanpedro.com.ar\/sitio\/?p=98781"},"modified":"2021-09-11T18:54:37","modified_gmt":"2021-09-11T21:54:37","slug":"delicuentes-robaron-una-fumigadora-citricola-que-fue-recuperada-por-la-policia","status":"publish","type":"post","link":"https:\/\/eldiariodesanpedro.com.ar\/sitio\/delicuentes-robaron-una-fumigadora-citricola-que-fue-recuperada-por-la-policia\/","title":{"rendered":"Delicuentes robaron una fumigadora citricola que fue recuperada por la polic\u00eda"},"content":{"rendered":"<!-- VideographyWP Plugin Message: Automatic video embedding prevented by plugin options. -->\n\n<p>Este viernes alrededor de las&nbsp; 18:15 hs, el personal policial de la comisar\u00eda en el callej\u00f3n continuaci\u00f3n de Crucero General Belgrano, aprehende a ciudadano de 27 a\u00f1os, quien momentos antes ingresa a campo propiedad de ciudadano de 45 a\u00f1os ubicado en Cuartel 5\u00b0&nbsp; sustrayendo del interior una fumigadora para plantaciones c\u00edtricas.&nbsp;<\/p>\n\n\n\n<p>El propietario radic\u00f3 denuncia correspondiente recuperando lo sustra\u00eddo.<\/p>\n","protected":false},"excerpt":{"rendered":"<p>Este viernes alrededor de las&nbsp; 18:15 hs, el personal policial de la comisar\u00eda en el callej\u00f3n continuaci\u00f3n de Crucero General Belgrano, aprehende a ciudadano de 27 a\u00f1os, quien momentos antes ingresa a campo propiedad de ciudadano de 45 a\u00f1os ubicado en Cuartel 5\u00b0&nbsp; sustrayendo del interior una fumigadora para plantaciones c\u00edtricas.&nbsp; El propietario radic\u00f3 denuncia [&hellip;]<\/p>\n","protected":false},"author":4,"featured_media":98782,"comment_status":"closed","ping_status":"closed","sticky":false,"template":"","format":"standard","meta":{"om_disable_all_campaigns":false,"_jetpack_memberships_contains_paid_content":false,"footnotes":""},"categories":[2,103],"tags":[197,33,95,19],"class_list":["post-98781","post","type-post","status-publish","format-standard","has-post-thumbnail","hentry","category-locales","category-policiales-locales","tag-buenos-aires","tag-locales","tag-policiales","tag-san-pedro"],"aioseo_notices":[],"gutentor_comment":0,"jetpack_featured_media_url":"https:\/\/eldiariodesanpedro.com.ar\/sitio\/wp-content\/uploads\/2021\/09\/WhatsApp-Image-2021-09-11-at-14.29.29.jpeg","jetpack_shortlink":"https:\/\/wp.me\/p6RhLt-pHf","jetpack_sharing_enabled":true,"_links":{"self":[{"href":"https:\/\/eldiariodesanpedro.com.ar\/sitio\/wp-json\/wp\/v2\/posts\/98781","targetHints":{"allow":["GET"]}}],"collection":[{"href":"https:\/\/eldiariodesanpedro.com.ar\/sitio\/wp-json\/wp\/v2\/posts"}],"about":[{"href":"https:\/\/eldiariodesanpedro.com.ar\/sitio\/wp-json\/wp\/v2\/types\/post"}],"author":[{"embeddable":true,"href":"https:\/\/eldiariodesanpedro.com.ar\/sitio\/wp-json\/wp\/v2\/users\/4"}],"replies":[{"embeddable":true,"href":"https:\/\/eldiariodesanpedro.com.ar\/sitio\/wp-json\/wp\/v2\/comments?post=98781"}],"version-history":[{"count":1,"href":"https:\/\/eldiariodesanpedro.com.ar\/sitio\/wp-json\/wp\/v2\/posts\/98781\/revisions"}],"predecessor-version":[{"id":98783,"href":"https:\/\/eldiariodesanpedro.com.ar\/sitio\/wp-json\/wp\/v2\/posts\/98781\/revisions\/98783"}],"wp:featuredmedia":[{"embeddable":true,"href":"https:\/\/eldiariodesanpedro.com.ar\/sitio\/wp-json\/wp\/v2\/media\/98782"}],"wp:attachment":[{"href":"https:\/\/eldiariodesanpedro.com.ar\/sitio\/wp-json\/wp\/v2\/media?parent=98781"}],"wp:term":[{"taxonomy":"category","embeddable":true,"href":"https:\/\/eldiariodesanpedro.com.ar\/sitio\/wp-json\/wp\/v2\/categories?post=98781"},{"taxonomy":"post_tag","embeddable":true,"href":"https:\/\/eldiariodesanpedro.com.ar\/sitio\/wp-json\/wp\/v2\/tags?post=98781"}],"curies":[{"name":"wp","href":"https:\/\/api.w.org\/{rel}","templated":true}]}}