{"id":98778,"date":"2021-09-11T18:17:21","date_gmt":"2021-09-11T21:17:21","guid":{"rendered":"https:\/\/eldiariodesanpedro.com.ar\/sitio\/?p=98778"},"modified":"2021-09-11T18:17:25","modified_gmt":"2021-09-11T21:17:25","slug":"un-joven-de-16-anos-aprehendido-con-un-arma-tumbera","status":"publish","type":"post","link":"https:\/\/eldiariodesanpedro.com.ar\/sitio\/un-joven-de-16-anos-aprehendido-con-un-arma-tumbera\/","title":{"rendered":"Un joven de 16 a\u00f1os aprehendido con un arma tumbera"},"content":{"rendered":"<!-- VideographyWP Plugin Message: Automatic video embedding prevented by plugin options. -->\n\n<p>El personal policial de la comisar\u00eda se hace presente en calle Manuel Iglesias al 1600&nbsp; aprehenden a delincuente ciudadano de 16, a quien se me secuestr\u00f3 en su poder un&nbsp; arma de fuego fabricaci\u00f3n casera tumbera y dos cartuchos intactos calibre 16.&nbsp;<\/p>\n\n\n\n<p>Intervino la fiscal\u00eda juvenil de San Nicol\u00e1s imputado de tenencia ilegal de arma de fuego de guerra.&nbsp;<\/p>\n\n\n\n<p>Tras recaudos legales fue entregado a su madre.<\/p>\n","protected":false},"excerpt":{"rendered":"<p>El personal policial de la comisar\u00eda se hace presente en calle Manuel Iglesias al 1600&nbsp; aprehenden a delincuente ciudadano de 16, a quien se me secuestr\u00f3 en su poder un&nbsp; arma de fuego fabricaci\u00f3n casera tumbera y dos cartuchos intactos calibre 16.&nbsp; Intervino la fiscal\u00eda juvenil de San Nicol\u00e1s imputado de tenencia ilegal de arma [&hellip;]<\/p>\n","protected":false},"author":4,"featured_media":98779,"comment_status":"closed","ping_status":"closed","sticky":false,"template":"","format":"standard","meta":{"om_disable_all_campaigns":false,"_jetpack_memberships_contains_paid_content":false,"footnotes":""},"categories":[2,103],"tags":[197,33,95,19],"class_list":["post-98778","post","type-post","status-publish","format-standard","has-post-thumbnail","hentry","category-locales","category-policiales-locales","tag-buenos-aires","tag-locales","tag-policiales","tag-san-pedro"],"aioseo_notices":[],"gutentor_comment":0,"jetpack_featured_media_url":"https:\/\/eldiariodesanpedro.com.ar\/sitio\/wp-content\/uploads\/2021\/09\/WhatsApp-Image-2021-09-11-at-14.29.51.jpeg","jetpack_shortlink":"https:\/\/wp.me\/p6RhLt-pHc","jetpack_sharing_enabled":true,"_links":{"self":[{"href":"https:\/\/eldiariodesanpedro.com.ar\/sitio\/wp-json\/wp\/v2\/posts\/98778","targetHints":{"allow":["GET"]}}],"collection":[{"href":"https:\/\/eldiariodesanpedro.com.ar\/sitio\/wp-json\/wp\/v2\/posts"}],"about":[{"href":"https:\/\/eldiariodesanpedro.com.ar\/sitio\/wp-json\/wp\/v2\/types\/post"}],"author":[{"embeddable":true,"href":"https:\/\/eldiariodesanpedro.com.ar\/sitio\/wp-json\/wp\/v2\/users\/4"}],"replies":[{"embeddable":true,"href":"https:\/\/eldiariodesanpedro.com.ar\/sitio\/wp-json\/wp\/v2\/comments?post=98778"}],"version-history":[{"count":1,"href":"https:\/\/eldiariodesanpedro.com.ar\/sitio\/wp-json\/wp\/v2\/posts\/98778\/revisions"}],"predecessor-version":[{"id":98780,"href":"https:\/\/eldiariodesanpedro.com.ar\/sitio\/wp-json\/wp\/v2\/posts\/98778\/revisions\/98780"}],"wp:featuredmedia":[{"embeddable":true,"href":"https:\/\/eldiariodesanpedro.com.ar\/sitio\/wp-json\/wp\/v2\/media\/98779"}],"wp:attachment":[{"href":"https:\/\/eldiariodesanpedro.com.ar\/sitio\/wp-json\/wp\/v2\/media?parent=98778"}],"wp:term":[{"taxonomy":"category","embeddable":true,"href":"https:\/\/eldiariodesanpedro.com.ar\/sitio\/wp-json\/wp\/v2\/categories?post=98778"},{"taxonomy":"post_tag","embeddable":true,"href":"https:\/\/eldiariodesanpedro.com.ar\/sitio\/wp-json\/wp\/v2\/tags?post=98778"}],"curies":[{"name":"wp","href":"https:\/\/api.w.org\/{rel}","templated":true}]}}