{"id":98775,"date":"2021-09-11T18:07:16","date_gmt":"2021-09-11T21:07:16","guid":{"rendered":"https:\/\/eldiariodesanpedro.com.ar\/sitio\/?p=98775"},"modified":"2021-09-11T18:07:20","modified_gmt":"2021-09-11T21:07:20","slug":"un-joven-aprehendido-en-infraganti-delito-de-robo-de-un-celular","status":"publish","type":"post","link":"https:\/\/eldiariodesanpedro.com.ar\/sitio\/un-joven-aprehendido-en-infraganti-delito-de-robo-de-un-celular\/","title":{"rendered":"Un joven aprehendido en infraganti delito de robo de un celular"},"content":{"rendered":"<!-- VideographyWP Plugin Message: Automatic video embedding prevented by plugin options. -->\n\n<p>En la madrugada de hoy s\u00e1bado el personal policial de la comisar\u00eda alertado, acude a&nbsp; Hermano Indio y Quiroga, aprehendiendo a delincuente masculino de 18 a\u00f1os, quien intentaba sustraer a un joven de 17 a\u00f1os, tel\u00e9fonos celular y pertenencias&nbsp; mediante intimidaci\u00f3n con arma blanca.&nbsp;<\/p>\n\n\n\n<p>La v\u00edctima result\u00f3 ilesa y radic\u00f3 la correspondiente denuncia, permaneciendo el delincuente alojado en la comisar\u00eda local a disposici\u00f3n de la justicia local.<\/p>\n","protected":false},"excerpt":{"rendered":"<p>En la madrugada de hoy s\u00e1bado el personal policial de la comisar\u00eda alertado, acude a&nbsp; Hermano Indio y Quiroga, aprehendiendo a delincuente masculino de 18 a\u00f1os, quien intentaba sustraer a un joven de 17 a\u00f1os, tel\u00e9fonos celular y pertenencias&nbsp; mediante intimidaci\u00f3n con arma blanca.&nbsp; La v\u00edctima result\u00f3 ilesa y radic\u00f3 la correspondiente denuncia, permaneciendo el [&hellip;]<\/p>\n","protected":false},"author":4,"featured_media":98776,"comment_status":"closed","ping_status":"closed","sticky":false,"template":"","format":"standard","meta":{"om_disable_all_campaigns":false,"_jetpack_memberships_contains_paid_content":false,"footnotes":""},"categories":[2,103],"tags":[197,33,95,19],"class_list":["post-98775","post","type-post","status-publish","format-standard","has-post-thumbnail","hentry","category-locales","category-policiales-locales","tag-buenos-aires","tag-locales","tag-policiales","tag-san-pedro"],"aioseo_notices":[],"gutentor_comment":0,"jetpack_featured_media_url":"https:\/\/eldiariodesanpedro.com.ar\/sitio\/wp-content\/uploads\/2021\/09\/medida-12.jpg","jetpack_shortlink":"https:\/\/wp.me\/p6RhLt-pH9","jetpack_sharing_enabled":true,"_links":{"self":[{"href":"https:\/\/eldiariodesanpedro.com.ar\/sitio\/wp-json\/wp\/v2\/posts\/98775","targetHints":{"allow":["GET"]}}],"collection":[{"href":"https:\/\/eldiariodesanpedro.com.ar\/sitio\/wp-json\/wp\/v2\/posts"}],"about":[{"href":"https:\/\/eldiariodesanpedro.com.ar\/sitio\/wp-json\/wp\/v2\/types\/post"}],"author":[{"embeddable":true,"href":"https:\/\/eldiariodesanpedro.com.ar\/sitio\/wp-json\/wp\/v2\/users\/4"}],"replies":[{"embeddable":true,"href":"https:\/\/eldiariodesanpedro.com.ar\/sitio\/wp-json\/wp\/v2\/comments?post=98775"}],"version-history":[{"count":1,"href":"https:\/\/eldiariodesanpedro.com.ar\/sitio\/wp-json\/wp\/v2\/posts\/98775\/revisions"}],"predecessor-version":[{"id":98777,"href":"https:\/\/eldiariodesanpedro.com.ar\/sitio\/wp-json\/wp\/v2\/posts\/98775\/revisions\/98777"}],"wp:featuredmedia":[{"embeddable":true,"href":"https:\/\/eldiariodesanpedro.com.ar\/sitio\/wp-json\/wp\/v2\/media\/98776"}],"wp:attachment":[{"href":"https:\/\/eldiariodesanpedro.com.ar\/sitio\/wp-json\/wp\/v2\/media?parent=98775"}],"wp:term":[{"taxonomy":"category","embeddable":true,"href":"https:\/\/eldiariodesanpedro.com.ar\/sitio\/wp-json\/wp\/v2\/categories?post=98775"},{"taxonomy":"post_tag","embeddable":true,"href":"https:\/\/eldiariodesanpedro.com.ar\/sitio\/wp-json\/wp\/v2\/tags?post=98775"}],"curies":[{"name":"wp","href":"https:\/\/api.w.org\/{rel}","templated":true}]}}