{"id":98771,"date":"2021-09-11T17:46:32","date_gmt":"2021-09-11T20:46:32","guid":{"rendered":"https:\/\/eldiariodesanpedro.com.ar\/sitio\/?p=98771"},"modified":"2021-09-11T17:46:36","modified_gmt":"2021-09-11T20:46:36","slug":"secuestran-una-motocicleta-con-numero-de-motor-y-chasis-adulterado","status":"publish","type":"post","link":"https:\/\/eldiariodesanpedro.com.ar\/sitio\/secuestran-una-motocicleta-con-numero-de-motor-y-chasis-adulterado\/","title":{"rendered":"Secuestran una motocicleta con n\u00famero de motor y chasis adulterado"},"content":{"rendered":"<!-- VideographyWP Plugin Message: Automatic video embedding prevented by plugin options. -->\n\n<p>Este viernes alrededor de las 17:00 hs el personal policial en Av. 3 de Febrero al 1800&nbsp; intercepta motocicleta conducida por ciudadano de 24 a\u00f1os, la cual presentaba los n\u00fameros de chasis y motor adulterados.&nbsp;<\/p>\n\n\n\n<p>Se procedi\u00f3 al secuestro del rodado, respecto del tenedor fue imputado de los delitos de supresi\u00f3n y adulteraci\u00f3n de bien registrable con intervenci\u00f3n de la fiscal\u00eda local en turno.&nbsp;<\/p>\n\n\n\n<p>aprehendido por registrar pedido de paradero judicial.<\/p>\n\n\n\n<p><\/p>\n","protected":false},"excerpt":{"rendered":"<p>Este viernes alrededor de las 17:00 hs el personal policial en Av. 3 de Febrero al 1800&nbsp; intercepta motocicleta conducida por ciudadano de 24 a\u00f1os, la cual presentaba los n\u00fameros de chasis y motor adulterados.&nbsp; Se procedi\u00f3 al secuestro del rodado, respecto del tenedor fue imputado de los delitos de supresi\u00f3n y adulteraci\u00f3n de bien [&hellip;]<\/p>\n","protected":false},"author":4,"featured_media":98773,"comment_status":"closed","ping_status":"closed","sticky":false,"template":"","format":"standard","meta":{"om_disable_all_campaigns":false,"_jetpack_memberships_contains_paid_content":false,"footnotes":""},"categories":[2,103],"tags":[197,696,33,95,19],"class_list":["post-98771","post","type-post","status-publish","format-standard","has-post-thumbnail","hentry","category-locales","category-policiales-locales","tag-buenos-aires","tag-interes-general","tag-locales","tag-policiales","tag-san-pedro"],"aioseo_notices":[],"gutentor_comment":0,"jetpack_featured_media_url":"https:\/\/eldiariodesanpedro.com.ar\/sitio\/wp-content\/uploads\/2021\/09\/WhatsApp-Image-2021-09-11-at-14.29.09.jpeg","jetpack_shortlink":"https:\/\/wp.me\/p6RhLt-pH5","jetpack_sharing_enabled":true,"_links":{"self":[{"href":"https:\/\/eldiariodesanpedro.com.ar\/sitio\/wp-json\/wp\/v2\/posts\/98771","targetHints":{"allow":["GET"]}}],"collection":[{"href":"https:\/\/eldiariodesanpedro.com.ar\/sitio\/wp-json\/wp\/v2\/posts"}],"about":[{"href":"https:\/\/eldiariodesanpedro.com.ar\/sitio\/wp-json\/wp\/v2\/types\/post"}],"author":[{"embeddable":true,"href":"https:\/\/eldiariodesanpedro.com.ar\/sitio\/wp-json\/wp\/v2\/users\/4"}],"replies":[{"embeddable":true,"href":"https:\/\/eldiariodesanpedro.com.ar\/sitio\/wp-json\/wp\/v2\/comments?post=98771"}],"version-history":[{"count":1,"href":"https:\/\/eldiariodesanpedro.com.ar\/sitio\/wp-json\/wp\/v2\/posts\/98771\/revisions"}],"predecessor-version":[{"id":98774,"href":"https:\/\/eldiariodesanpedro.com.ar\/sitio\/wp-json\/wp\/v2\/posts\/98771\/revisions\/98774"}],"wp:featuredmedia":[{"embeddable":true,"href":"https:\/\/eldiariodesanpedro.com.ar\/sitio\/wp-json\/wp\/v2\/media\/98773"}],"wp:attachment":[{"href":"https:\/\/eldiariodesanpedro.com.ar\/sitio\/wp-json\/wp\/v2\/media?parent=98771"}],"wp:term":[{"taxonomy":"category","embeddable":true,"href":"https:\/\/eldiariodesanpedro.com.ar\/sitio\/wp-json\/wp\/v2\/categories?post=98771"},{"taxonomy":"post_tag","embeddable":true,"href":"https:\/\/eldiariodesanpedro.com.ar\/sitio\/wp-json\/wp\/v2\/tags?post=98771"}],"curies":[{"name":"wp","href":"https:\/\/api.w.org\/{rel}","templated":true}]}}