{"id":98768,"date":"2021-09-11T17:13:24","date_gmt":"2021-09-11T20:13:24","guid":{"rendered":"https:\/\/eldiariodesanpedro.com.ar\/sitio\/?p=98768"},"modified":"2021-09-11T17:13:32","modified_gmt":"2021-09-11T20:13:32","slug":"recuperan-100-plantines-de-citricos-que-fueron-robados-de-un-vivero","status":"publish","type":"post","link":"https:\/\/eldiariodesanpedro.com.ar\/sitio\/recuperan-100-plantines-de-citricos-que-fueron-robados-de-un-vivero\/","title":{"rendered":"Recuperan 100 plantines de c\u00edtricos que fueron robados de un vivero"},"content":{"rendered":"<!-- VideographyWP Plugin Message: Automatic video embedding prevented by plugin options. -->\n\n<p>Este viernes a las 17 horas, el personal de la comisar\u00eda procede a la interceptaci\u00f3n de una camioneta pickup en la que viajaban dos masculinos mayores de edad, transportaban&nbsp; aproximadamente 100 plantines de c\u00edtricos que se estableci\u00f3 que los mismos eran de procedencia il\u00edcita y que hab\u00edan sido&nbsp; sustra\u00eddos la noche anterior de vivero ubicado en Ruta 1001 y entrada a Papel prensa, propiedad de ciudadano mayor de edad.<\/p>\n\n\n\n<p>La persona damnificada radic\u00f3 la correspondiente denuncia,recuperando las plantas secuestradas.&nbsp;<\/p>\n\n\n\n<p>Intervino la fiscal\u00eda local en turno, respecto de los masculinos que las transportaban se cumplieron recaudos legales por el delito de encubrimiento.&nbsp;<\/p>\n\n\n\n<p>Interviene la justicia local.<\/p>\n","protected":false},"excerpt":{"rendered":"<p>Este viernes a las 17 horas, el personal de la comisar\u00eda procede a la interceptaci\u00f3n de una camioneta pickup en la que viajaban dos masculinos mayores de edad, transportaban&nbsp; aproximadamente 100 plantines de c\u00edtricos que se estableci\u00f3 que los mismos eran de procedencia il\u00edcita y que hab\u00edan sido&nbsp; sustra\u00eddos la noche anterior de vivero ubicado [&hellip;]<\/p>\n","protected":false},"author":4,"featured_media":98769,"comment_status":"closed","ping_status":"closed","sticky":false,"template":"","format":"standard","meta":{"om_disable_all_campaigns":false,"_jetpack_memberships_contains_paid_content":false,"footnotes":""},"categories":[50,2,103],"tags":[],"class_list":["post-98768","post","type-post","status-publish","format-standard","has-post-thumbnail","hentry","category-destacadas","category-locales","category-policiales-locales"],"aioseo_notices":[],"gutentor_comment":0,"jetpack_featured_media_url":"https:\/\/eldiariodesanpedro.com.ar\/sitio\/wp-content\/uploads\/2021\/09\/WhatsApp-Image-2021-09-11-at-14.29.38.jpeg","jetpack_shortlink":"https:\/\/wp.me\/p6RhLt-pH2","jetpack_sharing_enabled":true,"_links":{"self":[{"href":"https:\/\/eldiariodesanpedro.com.ar\/sitio\/wp-json\/wp\/v2\/posts\/98768","targetHints":{"allow":["GET"]}}],"collection":[{"href":"https:\/\/eldiariodesanpedro.com.ar\/sitio\/wp-json\/wp\/v2\/posts"}],"about":[{"href":"https:\/\/eldiariodesanpedro.com.ar\/sitio\/wp-json\/wp\/v2\/types\/post"}],"author":[{"embeddable":true,"href":"https:\/\/eldiariodesanpedro.com.ar\/sitio\/wp-json\/wp\/v2\/users\/4"}],"replies":[{"embeddable":true,"href":"https:\/\/eldiariodesanpedro.com.ar\/sitio\/wp-json\/wp\/v2\/comments?post=98768"}],"version-history":[{"count":1,"href":"https:\/\/eldiariodesanpedro.com.ar\/sitio\/wp-json\/wp\/v2\/posts\/98768\/revisions"}],"predecessor-version":[{"id":98770,"href":"https:\/\/eldiariodesanpedro.com.ar\/sitio\/wp-json\/wp\/v2\/posts\/98768\/revisions\/98770"}],"wp:featuredmedia":[{"embeddable":true,"href":"https:\/\/eldiariodesanpedro.com.ar\/sitio\/wp-json\/wp\/v2\/media\/98769"}],"wp:attachment":[{"href":"https:\/\/eldiariodesanpedro.com.ar\/sitio\/wp-json\/wp\/v2\/media?parent=98768"}],"wp:term":[{"taxonomy":"category","embeddable":true,"href":"https:\/\/eldiariodesanpedro.com.ar\/sitio\/wp-json\/wp\/v2\/categories?post=98768"},{"taxonomy":"post_tag","embeddable":true,"href":"https:\/\/eldiariodesanpedro.com.ar\/sitio\/wp-json\/wp\/v2\/tags?post=98768"}],"curies":[{"name":"wp","href":"https:\/\/api.w.org\/{rel}","templated":true}]}}