{"id":98754,"date":"2021-09-10T11:06:16","date_gmt":"2021-09-10T14:06:16","guid":{"rendered":"https:\/\/eldiariodesanpedro.com.ar\/sitio\/?p=98754"},"modified":"2021-09-10T13:35:05","modified_gmt":"2021-09-10T16:35:05","slug":"coronavirus-1-caso-positivo-y-49-negativos-este-viernes-los-activos-son-43","status":"publish","type":"post","link":"https:\/\/eldiariodesanpedro.com.ar\/sitio\/coronavirus-1-caso-positivo-y-49-negativos-este-viernes-los-activos-son-43\/","title":{"rendered":"Coronavirus: 1 caso positivo y 49 negativos este viernes, los activos son 43"},"content":{"rendered":"<!-- VideographyWP Plugin Message: Automatic video embedding prevented by plugin options. -->\n\n<p>La Secretar\u00eda de Salud de la Municipalidad de San Pedro brinda el informe que acompa\u00f1a la placa del d\u00eda de la fecha, en el seguimiento de la Pandemia de Covid-19.<\/p>\n\n\n\n<p>Se confirm\u00f3 un nuevo caso positivo y 49 resultados negativos, a trav\u00e9s de los testeos r\u00e1pidos que se realizan en el Laboratorio del Hospital.<\/p>\n\n\n\n<p>El resultado positivo corresponde a una mujer de 80 a\u00f1os<\/p>\n\n\n\n<ul class=\"wp-block-list\"><li>Se incorporan a la estad\u00edstica oficial 14 altas.<\/li><li>No se enviaron nuevas muestras.<\/li><\/ul>\n\n\n\n<p>Resumen actualizado de informaci\u00f3n oficial<br>Positivos desde el inicio de la Pandemia: 5998<br>Activos: 43<br>Recuperados: 5718<br>Fallecidos: 237<br>Negativos desde el inicio de la Pandemia: 9001<\/p>\n\n\n\n<p>Los datos consignados en este informe corresponden a casos analizados a trav\u00e9s de hisopados realizados en el \u00abC.C.19\u00bb analizados por el Laboratorio Central Lab y testeos r\u00e1pidos efectuados en el Laboratorio del Hospital.<\/p>\n\n\n\n<p>&#x1f449; Usar tapabocas.<br>&#x1f449; Mantener la distancia m\u00ednima de 2 metros.<br>&#x1f449; Extremar la higiene de los espacios.<br>&#x1f449; Mantener las manos limpias.<\/p>\n\n\n\n<p>Se recuerda que, ante s\u00edntomas de tos seca, fiebre y dolor de garganta se puede llamar al 148 o 107<\/p>\n\n\n\n<p>Atenci\u00f3n y seguimiento COVID-19<\/p>\n\n\n\n<p>Centro de Asesoramiento y Atenci\u00f3n M\u00e9dica<br>(Ex Consultorios Amarillos)<br>Ituzaing\u00f3 979<br>Lunes a viernes de 9 a 18 hs. &#8211; s\u00e1bados de 9 a 12 hs.<\/p>\n\n\n\n<p>L\u00ednea COVID<br>Para seguimiento y consultas<br>3329 315000 (llamadas o WhatsApp)<br>Lunes a viernes 9 a 18 hs. &#8211; S\u00e1bados de 9 a 12 hs<\/p>\n\n\n\n<p>Emergencias todos los d\u00edas, las 24 hs. \u2013 107<\/p>\n","protected":false},"excerpt":{"rendered":"<p>La Secretar\u00eda de Salud de la Municipalidad de San Pedro brinda el informe que acompa\u00f1a la placa del d\u00eda de la fecha, en el seguimiento de la Pandemia de Covid-19. Se confirm\u00f3 un nuevo caso positivo y 49 resultados negativos, a trav\u00e9s de los testeos r\u00e1pidos que se realizan en el Laboratorio del Hospital. El [&hellip;]<\/p>\n","protected":false},"author":4,"featured_media":78593,"comment_status":"closed","ping_status":"closed","sticky":false,"template":"","format":"standard","meta":{"om_disable_all_campaigns":false,"_jetpack_memberships_contains_paid_content":false,"footnotes":""},"categories":[50,101,2],"tags":[197,696,33,19],"class_list":["post-98754","post","type-post","status-publish","format-standard","has-post-thumbnail","hentry","category-destacadas","category-interes-general-locales","category-locales","tag-buenos-aires","tag-interes-general","tag-locales","tag-san-pedro"],"aioseo_notices":[],"gutentor_comment":0,"jetpack_featured_media_url":"https:\/\/eldiariodesanpedro.com.ar\/sitio\/wp-content\/uploads\/2020\/07\/Coronavirus-negativo-726x510-1.jpg","jetpack_shortlink":"https:\/\/wp.me\/p6RhLt-pGO","jetpack_sharing_enabled":true,"_links":{"self":[{"href":"https:\/\/eldiariodesanpedro.com.ar\/sitio\/wp-json\/wp\/v2\/posts\/98754","targetHints":{"allow":["GET"]}}],"collection":[{"href":"https:\/\/eldiariodesanpedro.com.ar\/sitio\/wp-json\/wp\/v2\/posts"}],"about":[{"href":"https:\/\/eldiariodesanpedro.com.ar\/sitio\/wp-json\/wp\/v2\/types\/post"}],"author":[{"embeddable":true,"href":"https:\/\/eldiariodesanpedro.com.ar\/sitio\/wp-json\/wp\/v2\/users\/4"}],"replies":[{"embeddable":true,"href":"https:\/\/eldiariodesanpedro.com.ar\/sitio\/wp-json\/wp\/v2\/comments?post=98754"}],"version-history":[{"count":2,"href":"https:\/\/eldiariodesanpedro.com.ar\/sitio\/wp-json\/wp\/v2\/posts\/98754\/revisions"}],"predecessor-version":[{"id":98756,"href":"https:\/\/eldiariodesanpedro.com.ar\/sitio\/wp-json\/wp\/v2\/posts\/98754\/revisions\/98756"}],"wp:featuredmedia":[{"embeddable":true,"href":"https:\/\/eldiariodesanpedro.com.ar\/sitio\/wp-json\/wp\/v2\/media\/78593"}],"wp:attachment":[{"href":"https:\/\/eldiariodesanpedro.com.ar\/sitio\/wp-json\/wp\/v2\/media?parent=98754"}],"wp:term":[{"taxonomy":"category","embeddable":true,"href":"https:\/\/eldiariodesanpedro.com.ar\/sitio\/wp-json\/wp\/v2\/categories?post=98754"},{"taxonomy":"post_tag","embeddable":true,"href":"https:\/\/eldiariodesanpedro.com.ar\/sitio\/wp-json\/wp\/v2\/tags?post=98754"}],"curies":[{"name":"wp","href":"https:\/\/api.w.org\/{rel}","templated":true}]}}