{"id":98751,"date":"2021-09-10T11:01:21","date_gmt":"2021-09-10T14:01:21","guid":{"rendered":"https:\/\/eldiariodesanpedro.com.ar\/sitio\/?p=98751"},"modified":"2021-09-10T11:01:21","modified_gmt":"2021-09-10T14:01:21","slug":"ya-rige-la-veda-electoral-que-es-lo-que-no-se-puede-hacer","status":"publish","type":"post","link":"https:\/\/eldiariodesanpedro.com.ar\/sitio\/ya-rige-la-veda-electoral-que-es-lo-que-no-se-puede-hacer\/","title":{"rendered":"Ya rige la veda electoral: \u00bfqu\u00e9 es lo que no se puede hacer?"},"content":{"rendered":"<!-- VideographyWP Plugin Message: Automatic video embedding prevented by plugin options. -->\n\n<p>El domingo hay elecciones legislativas y desde las 8 de este viernes, rige la veda electoral. Qu\u00e9 cosas no se pueden hacer y por qu\u00e9 existen prohibiciones.<\/p>\n\n\n\n<p>En Argentina se acercan las\u00a0Elecciones\u00a0Legislativas 2021: el pr\u00f3ximo domingo 12 de septiembre se votan las Primarias, Abiertas, Simult\u00e1neas y Obligatorias (PASO) y las generales ser\u00e1n el 14 de noviembre. D\u00edas antes de ambos comicios comienza la\u00a0veda electoral, que consiste en la implementaci\u00f3n de una serie de prohibiciones legales vinculadas principalmente a la propaganda pol\u00edtica que se aplican cuando hay elecciones.<\/p>\n\n\n\n<h2 class=\"wp-block-heading\"><strong>Qu\u00e9 es la veda electoral<\/strong><\/h2>\n\n\n\n<p>Se trata de un per\u00edodo de 48 horas que, seg\u00fan explican desde la C\u00e1mara Nacional Electoral,&nbsp;<strong>implica una serie de prohibiciones<\/strong>, que aplican tanto para los candidatos que integran listas en estas elecciones legislativas 2021, como para los ciudadanos en general.<\/p>\n\n\n\n<h2 class=\"wp-block-heading\"><strong>Cu\u00e1ndo comienza la veda electoral<\/strong><\/h2>\n\n\n\n<p>La veda electoral&nbsp;comienza a regir a las 8 am del viernes 10 de septiembre, en la previa de estas PASO<strong>.&nbsp;<\/strong>Es decir,&nbsp;<strong>48 horas antes de la primera votaci\u00f3n de las legislativas 2021.<\/strong><\/p>\n\n\n\n<p>La situaci\u00f3n ser\u00e1 la misma durante las elecciones generales del 14 de noviembre: la veda electoral comenzar\u00e1 el 12 de noviembre a las 8 de la ma\u00f1ana. En ambos casos, las prohibiciones regir\u00e1n&nbsp;hasta 3 horas despu\u00e9s del cierre de los comicios.<\/p>\n\n\n\n<h2 class=\"wp-block-heading\"><strong>Qu\u00e9 no se puede hacer en veda electoral<\/strong><\/h2>\n\n\n\n<p>Seg\u00fan indica la Direcci\u00f3n Nacional Electoral, durante la veda electoral de las legislativas 2021 queda prohibido:<\/p>\n\n\n\n<ul class=\"wp-block-list\"><li>Admitir reuniones de electores o dep\u00f3sito de armas durante las horas de la elecci\u00f3n a toda persona que en los centros urbanos habite una casa situada dentro de un radio de ochenta metros alrededor de la mesa receptora. Si la finca fuese tomada a viva fuerza deber\u00e1 darse aviso inmediato a la autoridad policial.<\/li><li>Los espect\u00e1culos populares al aire libre o en recintos cerrados, fiestas teatrales, deportivas y toda clase de reuniones p\u00fablicas que no se refieran al acto electoral, durante su desarrollo y hasta pasadas tres horas de ser clausurado;<\/li><li>Vender bebidas alcoh\u00f3licas hasta tres horas despu\u00e9s del cierre de comicios (la prohibici\u00f3n comienza a las 00 del domingo).<\/li><li>Ofrecer o entregar a los electores boletas de sufragio dentro de un radio de ochenta metros de las mesas receptoras de votos, contados sobre la calzada, calle o camino;<\/li><li>A los electores, la portaci\u00f3n de armas, el uso de banderas, divisas u otros distintivos durante el d\u00eda de la elecci\u00f3n, doce horas antes y tres horas despu\u00e9s de finalizada;<\/li><li>Realizar actos p\u00fablicos de proselitismo y publicar y difundir encuestas y sondeos preelectorales, desde cuarenta y ocho horas antes de la iniciaci\u00f3n del comicio y hasta el cierre del mismo.<\/li><li>La apertura de organismos partidarios dentro de un radio de ochenta metros del lugar en que se instalen mesas receptoras de votos. La Junta Electoral Nacional o cualquiera de sus miembros podr\u00e1 disponer el cierre transitorio de los locales que estuvieren en infracci\u00f3n. No se instalar\u00e1n mesas receptoras a menos de ochenta metros de la sede en que se encuentre el domicilio legal de los partidos nacionales o de distrito.<\/li><\/ul>\n\n\n\n<h2 class=\"wp-block-heading\"><strong>Veda electoral y consumo de alcohol<\/strong><\/h2>\n\n\n\n<h3 class=\"wp-block-heading\"><strong>\u00bfCu\u00e1ndo comienza la prohibici\u00f3n de venta de alcohol por la veda electoral?<\/strong><\/h3>\n\n\n\n<p>La venta de alcohol queda&nbsp;<strong>restringida&nbsp;<\/strong>formalmente desde las&nbsp;<strong>0 del domingo 12 y se extender\u00e1 hasta las 21, despu\u00e9s de las elecciones legislativas 2021<\/strong>. Seg\u00fan indica el art\u00edculo 71 del C\u00f3digo Electoral Nacional, est\u00e1 prohibido \u00abtener abiertas las casas destinadas al expendio de cualquier clase de bebidas alcoh\u00f3licas hasta transcurridas tres horas del cierre del comicio\u00bb.<\/p>\n\n\n\n<h3 class=\"wp-block-heading\"><strong>\u00bfPor qu\u00e9 est\u00e1 prohibida la venta de alcohol antes, durante y despu\u00e9s de la veda electoral?<\/strong><\/h3>\n\n\n\n<p>La venta de alcohol antes, durante y hasta 3 horas despu\u00e9s de la veda electoral en estas legislativas 2021 est\u00e1 prohibida, al igual que sucede desde hace a\u00f1os en Argentina y otros pa\u00edses del mundo. La justificaci\u00f3n de esta normativa argumenta que se busca impedir que exista cualquier tipo de persuasi\u00f3n de los electores y que los mismos no emitan su voto bajo efectos del alcohol.<\/p>\n","protected":false},"excerpt":{"rendered":"<p>El domingo hay elecciones legislativas y desde las 8 de este viernes, rige la veda electoral. Qu\u00e9 cosas no se pueden hacer y por qu\u00e9 existen prohibiciones. En Argentina se acercan las\u00a0Elecciones\u00a0Legislativas 2021: el pr\u00f3ximo domingo 12 de septiembre se votan las Primarias, Abiertas, Simult\u00e1neas y Obligatorias (PASO) y las generales ser\u00e1n el 14 de [&hellip;]<\/p>\n","protected":false},"author":4,"featured_media":98752,"comment_status":"closed","ping_status":"","sticky":false,"template":"","format":"standard","meta":{"om_disable_all_campaigns":false,"_jetpack_memberships_contains_paid_content":false,"footnotes":""},"categories":[50,101,2],"tags":[197,696,33,19],"class_list":["post-98751","post","type-post","status-publish","format-standard","has-post-thumbnail","hentry","category-destacadas","category-interes-general-locales","category-locales","tag-buenos-aires","tag-interes-general","tag-locales","tag-san-pedro"],"aioseo_notices":[],"gutentor_comment":0,"jetpack_featured_media_url":"https:\/\/eldiariodesanpedro.com.ar\/sitio\/wp-content\/uploads\/2021\/09\/0000020303-resized-1920x1080-1.png","jetpack_shortlink":"https:\/\/wp.me\/p6RhLt-pGL","jetpack_sharing_enabled":true,"_links":{"self":[{"href":"https:\/\/eldiariodesanpedro.com.ar\/sitio\/wp-json\/wp\/v2\/posts\/98751","targetHints":{"allow":["GET"]}}],"collection":[{"href":"https:\/\/eldiariodesanpedro.com.ar\/sitio\/wp-json\/wp\/v2\/posts"}],"about":[{"href":"https:\/\/eldiariodesanpedro.com.ar\/sitio\/wp-json\/wp\/v2\/types\/post"}],"author":[{"embeddable":true,"href":"https:\/\/eldiariodesanpedro.com.ar\/sitio\/wp-json\/wp\/v2\/users\/4"}],"replies":[{"embeddable":true,"href":"https:\/\/eldiariodesanpedro.com.ar\/sitio\/wp-json\/wp\/v2\/comments?post=98751"}],"version-history":[{"count":1,"href":"https:\/\/eldiariodesanpedro.com.ar\/sitio\/wp-json\/wp\/v2\/posts\/98751\/revisions"}],"predecessor-version":[{"id":98753,"href":"https:\/\/eldiariodesanpedro.com.ar\/sitio\/wp-json\/wp\/v2\/posts\/98751\/revisions\/98753"}],"wp:featuredmedia":[{"embeddable":true,"href":"https:\/\/eldiariodesanpedro.com.ar\/sitio\/wp-json\/wp\/v2\/media\/98752"}],"wp:attachment":[{"href":"https:\/\/eldiariodesanpedro.com.ar\/sitio\/wp-json\/wp\/v2\/media?parent=98751"}],"wp:term":[{"taxonomy":"category","embeddable":true,"href":"https:\/\/eldiariodesanpedro.com.ar\/sitio\/wp-json\/wp\/v2\/categories?post=98751"},{"taxonomy":"post_tag","embeddable":true,"href":"https:\/\/eldiariodesanpedro.com.ar\/sitio\/wp-json\/wp\/v2\/tags?post=98751"}],"curies":[{"name":"wp","href":"https:\/\/api.w.org\/{rel}","templated":true}]}}