{"id":98749,"date":"2021-09-10T10:54:13","date_gmt":"2021-09-10T13:54:13","guid":{"rendered":"https:\/\/eldiariodesanpedro.com.ar\/sitio\/?p=98749"},"modified":"2021-09-10T10:54:17","modified_gmt":"2021-09-10T13:54:17","slug":"san-pedro-promocionado-dentro-del-programa-pre-viaje-ii-2","status":"publish","type":"post","link":"https:\/\/eldiariodesanpedro.com.ar\/sitio\/san-pedro-promocionado-dentro-del-programa-pre-viaje-ii-2\/","title":{"rendered":"San Pedro promocionado dentro del programa Pre viaje II"},"content":{"rendered":"<!-- VideographyWP Plugin Message: Automatic video embedding prevented by plugin options. -->\n\n<p>La Secretaria Marcela Cu\u00f1er e integrantes de su equipo formaron parte del panel que se coordin\u00f3 desde el Ministerio de Producci\u00f3n, Ciencia e Innovaci\u00f3n Tecnol\u00f3gica del que depende la Direcci\u00f3n de Turismo de la Provincia de Buenos Aires.<\/p>\n\n\n\n<p>Personal de la Secretar\u00eda de Turismo y Cultura de San Pedro particip\u00f3 de una capacitaci\u00f3n nacional virtual para la activaci\u00f3n en las principales ciudades tur\u00edsticas de la Provincia de Buenos Aires del programa Pre viaje II que est\u00e1 vigente para que se beneficien tanto los turistas como los prestadores en operaciones anticipadas para viajar desde noviembre 2021 y durante todo 2022.&nbsp;<\/p>\n\n\n\n<p>La Secretaria Marcela Cu\u00f1er e integrantes de su equipo formaron parte del panel que se coordin\u00f3 desde el Ministerio de Producci\u00f3n, Ciencia e Innovaci\u00f3n Tecnol\u00f3gica del que depende la Direcci\u00f3n de Turismo de la Provincia de Buenos Aires.&nbsp;<\/p>\n\n\n\n<p>Se present\u00f3 una evaluaci\u00f3n del resultado positivo que ofreci\u00f3 la primera experiencia, como punto de partida de reactivaci\u00f3n despu\u00e9s de la Pandemia y se compartieron las caracter\u00edsticas de los procesos que deben realizar tanto los turistas como los prestadores para participar.&nbsp;<\/p>\n\n\n\n<p>Para cada turista, por cada comprobante que se presente, se generar\u00e1 un 50% de lo gastado a modo de cr\u00e9dito, para realizar m\u00e1s compras en el sector tur\u00edstico hasta el 31 de diciembre de 2022. Generan cr\u00e9dito, todos los servicios tur\u00edsticos comercializados por prestadores inscriptos.&nbsp;<\/p>\n\n\n\n<p>Los prestadores que deseen conocer mayores detalles sobre c\u00f3mo inscribirse para ser elegidos en nuestro destino por parte de los futuros turistas deben ingresar y cargarse en www.previaje.gob.ar. Tambi\u00e9n pueden acercarse a la Casona de la Secretar\u00eda en Mitre y Liniers para contar con la asistencia correspondiente.<\/p>\n","protected":false},"excerpt":{"rendered":"<p>La Secretaria Marcela Cu\u00f1er e integrantes de su equipo formaron parte del panel que se coordin\u00f3 desde el Ministerio de Producci\u00f3n, Ciencia e Innovaci\u00f3n Tecnol\u00f3gica del que depende la Direcci\u00f3n de Turismo de la Provincia de Buenos Aires. Personal de la Secretar\u00eda de Turismo y Cultura de San Pedro particip\u00f3 de una capacitaci\u00f3n nacional virtual [&hellip;]<\/p>\n","protected":false},"author":4,"featured_media":98747,"comment_status":"closed","ping_status":"closed","sticky":false,"template":"","format":"standard","meta":{"om_disable_all_campaigns":false,"_jetpack_memberships_contains_paid_content":false,"footnotes":""},"categories":[50,101,2],"tags":[197,696,33,19],"class_list":["post-98749","post","type-post","status-publish","format-standard","has-post-thumbnail","hentry","category-destacadas","category-interes-general-locales","category-locales","tag-buenos-aires","tag-interes-general","tag-locales","tag-san-pedro"],"aioseo_notices":[],"gutentor_comment":0,"jetpack_featured_media_url":"https:\/\/eldiariodesanpedro.com.ar\/sitio\/wp-content\/uploads\/2021\/09\/0000020304-resized-1920x1080-1.jpg","jetpack_shortlink":"https:\/\/wp.me\/p6RhLt-pGJ","jetpack_sharing_enabled":true,"_links":{"self":[{"href":"https:\/\/eldiariodesanpedro.com.ar\/sitio\/wp-json\/wp\/v2\/posts\/98749","targetHints":{"allow":["GET"]}}],"collection":[{"href":"https:\/\/eldiariodesanpedro.com.ar\/sitio\/wp-json\/wp\/v2\/posts"}],"about":[{"href":"https:\/\/eldiariodesanpedro.com.ar\/sitio\/wp-json\/wp\/v2\/types\/post"}],"author":[{"embeddable":true,"href":"https:\/\/eldiariodesanpedro.com.ar\/sitio\/wp-json\/wp\/v2\/users\/4"}],"replies":[{"embeddable":true,"href":"https:\/\/eldiariodesanpedro.com.ar\/sitio\/wp-json\/wp\/v2\/comments?post=98749"}],"version-history":[{"count":1,"href":"https:\/\/eldiariodesanpedro.com.ar\/sitio\/wp-json\/wp\/v2\/posts\/98749\/revisions"}],"predecessor-version":[{"id":98750,"href":"https:\/\/eldiariodesanpedro.com.ar\/sitio\/wp-json\/wp\/v2\/posts\/98749\/revisions\/98750"}],"wp:featuredmedia":[{"embeddable":true,"href":"https:\/\/eldiariodesanpedro.com.ar\/sitio\/wp-json\/wp\/v2\/media\/98747"}],"wp:attachment":[{"href":"https:\/\/eldiariodesanpedro.com.ar\/sitio\/wp-json\/wp\/v2\/media?parent=98749"}],"wp:term":[{"taxonomy":"category","embeddable":true,"href":"https:\/\/eldiariodesanpedro.com.ar\/sitio\/wp-json\/wp\/v2\/categories?post=98749"},{"taxonomy":"post_tag","embeddable":true,"href":"https:\/\/eldiariodesanpedro.com.ar\/sitio\/wp-json\/wp\/v2\/tags?post=98749"}],"curies":[{"name":"wp","href":"https:\/\/api.w.org\/{rel}","templated":true}]}}