{"id":98743,"date":"2021-09-10T10:46:32","date_gmt":"2021-09-10T13:46:32","guid":{"rendered":"https:\/\/eldiariodesanpedro.com.ar\/sitio\/?p=98743"},"modified":"2021-09-10T10:46:37","modified_gmt":"2021-09-10T13:46:37","slug":"desplante-de-manes-al-electorado-radical-de-san-pedro","status":"publish","type":"post","link":"https:\/\/eldiariodesanpedro.com.ar\/sitio\/desplante-de-manes-al-electorado-radical-de-san-pedro\/","title":{"rendered":"Desplante de Manes al electorado radical de San Pedro"},"content":{"rendered":"<!-- VideographyWP Plugin Message: Automatic video embedding prevented by plugin options. -->\n\n<p>El precandidato a diputado nacional por la UCR ten\u00eda previsto estar en nuestra ciudad el jueves pero se inform\u00f3 que no vendr\u00eda por las malas condiciones clim\u00e1ticas pero, al contrario, ese d\u00eda cerr\u00f3 campa\u00f1a en Pergamino y San Nicol\u00e1s.<\/p>\n\n\n\n<p>El neur\u00f3logo y precandidato a diputado nacional por el frente Juntos, Facundo Manes, \u00fanico representante de la Uni\u00f3n C\u00edvica Radical en la interna del partido, hab\u00eda sido anunciado como la figura destacada en el cierre de campa\u00f1a que la precandidata local Paola Basso realizar\u00eda este jueves en su sede de Pellegrini y Las Heras, pero el profesional eligi\u00f3 cerrar su campa\u00f1a con visitas a la Segunda Secci\u00f3n Electoral, la que considera su territorio por haber nacido en la ciudad de Salto, acompa\u00f1ado por los integrantes de su lista, entre ellos la dirigente del GEN Margarita Stolbizer.<\/p>\n\n\n\n<p>El d\u00eda anterior se anticip\u00f3 que Manes no estar\u00eda en San Pedro debido a que las perspectivas clim\u00e1ticas no eran las mejores y se suspendi\u00f3 su visita a la ciudad; pero pocas horas despu\u00e9s el precandidato encabez\u00f3 el acto de cierre de campa\u00f1a en la ciudad de San Nicol\u00e1s, localidad ubicada a pocos kil\u00f3metros de San Pedro y Pergamino. Adem\u00e1s, el neur\u00f3logo estuvo almorzando en un restaurante de la localidad nicole\u00f1a junto a dirigentes de la segunda secci\u00f3n, camin\u00f3 y charl\u00f3 con los vecinos del lugar.<\/p>\n\n\n\n<p>Todo lo sucedido con Manes en San Nicol\u00e1s y Pergamino, puso en tela de juicio las reales excusas argumentadas ante la suspensi\u00f3n de su visita a San Pedro, actitud que algunos referentes partidarios tomaron como un desplante al electorado radical de la ciudad.<\/p>\n\n\n\n<p>Fuente: San Pedro Inform<a href=\"https:\/\/www.sanpedroinforma.com.ar\/news-124448-desplante-de-manes-al-electorado-radical-de-san-pedro\">a<\/a><\/p>\n","protected":false},"excerpt":{"rendered":"<p>El precandidato a diputado nacional por la UCR ten\u00eda previsto estar en nuestra ciudad el jueves pero se inform\u00f3 que no vendr\u00eda por las malas condiciones clim\u00e1ticas pero, al contrario, ese d\u00eda cerr\u00f3 campa\u00f1a en Pergamino y San Nicol\u00e1s. El neur\u00f3logo y precandidato a diputado nacional por el frente Juntos, Facundo Manes, \u00fanico representante de [&hellip;]<\/p>\n","protected":false},"author":4,"featured_media":98744,"comment_status":"closed","ping_status":"closed","sticky":false,"template":"","format":"standard","meta":{"om_disable_all_campaigns":false,"_jetpack_memberships_contains_paid_content":false,"footnotes":""},"categories":[50,101,2],"tags":[],"class_list":["post-98743","post","type-post","status-publish","format-standard","has-post-thumbnail","hentry","category-destacadas","category-interes-general-locales","category-locales"],"aioseo_notices":[],"gutentor_comment":0,"jetpack_featured_media_url":"https:\/\/eldiariodesanpedro.com.ar\/sitio\/wp-content\/uploads\/2021\/09\/0000020301-resized-1920x1080-1.jpg","jetpack_shortlink":"https:\/\/wp.me\/p6RhLt-pGD","jetpack_sharing_enabled":true,"_links":{"self":[{"href":"https:\/\/eldiariodesanpedro.com.ar\/sitio\/wp-json\/wp\/v2\/posts\/98743","targetHints":{"allow":["GET"]}}],"collection":[{"href":"https:\/\/eldiariodesanpedro.com.ar\/sitio\/wp-json\/wp\/v2\/posts"}],"about":[{"href":"https:\/\/eldiariodesanpedro.com.ar\/sitio\/wp-json\/wp\/v2\/types\/post"}],"author":[{"embeddable":true,"href":"https:\/\/eldiariodesanpedro.com.ar\/sitio\/wp-json\/wp\/v2\/users\/4"}],"replies":[{"embeddable":true,"href":"https:\/\/eldiariodesanpedro.com.ar\/sitio\/wp-json\/wp\/v2\/comments?post=98743"}],"version-history":[{"count":1,"href":"https:\/\/eldiariodesanpedro.com.ar\/sitio\/wp-json\/wp\/v2\/posts\/98743\/revisions"}],"predecessor-version":[{"id":98745,"href":"https:\/\/eldiariodesanpedro.com.ar\/sitio\/wp-json\/wp\/v2\/posts\/98743\/revisions\/98745"}],"wp:featuredmedia":[{"embeddable":true,"href":"https:\/\/eldiariodesanpedro.com.ar\/sitio\/wp-json\/wp\/v2\/media\/98744"}],"wp:attachment":[{"href":"https:\/\/eldiariodesanpedro.com.ar\/sitio\/wp-json\/wp\/v2\/media?parent=98743"}],"wp:term":[{"taxonomy":"category","embeddable":true,"href":"https:\/\/eldiariodesanpedro.com.ar\/sitio\/wp-json\/wp\/v2\/categories?post=98743"},{"taxonomy":"post_tag","embeddable":true,"href":"https:\/\/eldiariodesanpedro.com.ar\/sitio\/wp-json\/wp\/v2\/tags?post=98743"}],"curies":[{"name":"wp","href":"https:\/\/api.w.org\/{rel}","templated":true}]}}