{"id":98741,"date":"2021-09-10T10:39:33","date_gmt":"2021-09-10T13:39:33","guid":{"rendered":"https:\/\/eldiariodesanpedro.com.ar\/sitio\/?p=98741"},"modified":"2021-09-10T10:39:38","modified_gmt":"2021-09-10T13:39:38","slug":"denuncio-que-le-rompieron-con-una-piedra-una-camara-de-seguridad","status":"publish","type":"post","link":"https:\/\/eldiariodesanpedro.com.ar\/sitio\/denuncio-que-le-rompieron-con-una-piedra-una-camara-de-seguridad\/","title":{"rendered":"Denunci\u00f3 que le rompieron con una piedra una c\u00e1mara de seguridad"},"content":{"rendered":"<!-- VideographyWP Plugin Message: Automatic video embedding prevented by plugin options. -->\n\n<p>Este jueves denunci\u00f3 a una femenina de 61 a\u00f1os de edad que el d\u00eda mi\u00e9rcoles, entre las 20:00 y las 21:00 horas, momento en el cual se encontraba en el interior de su domicilio, ubicado en calle Rivadavia al&nbsp; 2400, escucha un estruendo en el frente de la vivienda y posteriormente constata que autores ignorados hab\u00edan da\u00f1ado su c\u00e1mara de seguridad. Inspeccionar las grabaciones divisa a una persona del sexo masculino a quien no logra identificar, el cual le arroja una piedra con la gomera forma intencional.&nbsp;<\/p>\n\n\n\n<p>Interviene fiscal\u00eda 11 local&nbsp;<\/p>\n","protected":false},"excerpt":{"rendered":"<p>Este jueves denunci\u00f3 a una femenina de 61 a\u00f1os de edad que el d\u00eda mi\u00e9rcoles, entre las 20:00 y las 21:00 horas, momento en el cual se encontraba en el interior de su domicilio, ubicado en calle Rivadavia al&nbsp; 2400, escucha un estruendo en el frente de la vivienda y posteriormente constata que autores ignorados [&hellip;]<\/p>\n","protected":false},"author":4,"featured_media":45394,"comment_status":"closed","ping_status":"closed","sticky":false,"template":"","format":"standard","meta":{"om_disable_all_campaigns":false,"_jetpack_memberships_contains_paid_content":false,"footnotes":""},"categories":[2,103],"tags":[197,696,33,95,19],"class_list":["post-98741","post","type-post","status-publish","format-standard","has-post-thumbnail","hentry","category-locales","category-policiales-locales","tag-buenos-aires","tag-interes-general","tag-locales","tag-policiales","tag-san-pedro"],"aioseo_notices":[],"gutentor_comment":0,"jetpack_featured_media_url":"https:\/\/eldiariodesanpedro.com.ar\/sitio\/wp-content\/uploads\/2019\/01\/comisaria.jpg","jetpack_shortlink":"https:\/\/wp.me\/p6RhLt-pGB","jetpack_sharing_enabled":true,"_links":{"self":[{"href":"https:\/\/eldiariodesanpedro.com.ar\/sitio\/wp-json\/wp\/v2\/posts\/98741","targetHints":{"allow":["GET"]}}],"collection":[{"href":"https:\/\/eldiariodesanpedro.com.ar\/sitio\/wp-json\/wp\/v2\/posts"}],"about":[{"href":"https:\/\/eldiariodesanpedro.com.ar\/sitio\/wp-json\/wp\/v2\/types\/post"}],"author":[{"embeddable":true,"href":"https:\/\/eldiariodesanpedro.com.ar\/sitio\/wp-json\/wp\/v2\/users\/4"}],"replies":[{"embeddable":true,"href":"https:\/\/eldiariodesanpedro.com.ar\/sitio\/wp-json\/wp\/v2\/comments?post=98741"}],"version-history":[{"count":1,"href":"https:\/\/eldiariodesanpedro.com.ar\/sitio\/wp-json\/wp\/v2\/posts\/98741\/revisions"}],"predecessor-version":[{"id":98742,"href":"https:\/\/eldiariodesanpedro.com.ar\/sitio\/wp-json\/wp\/v2\/posts\/98741\/revisions\/98742"}],"wp:featuredmedia":[{"embeddable":true,"href":"https:\/\/eldiariodesanpedro.com.ar\/sitio\/wp-json\/wp\/v2\/media\/45394"}],"wp:attachment":[{"href":"https:\/\/eldiariodesanpedro.com.ar\/sitio\/wp-json\/wp\/v2\/media?parent=98741"}],"wp:term":[{"taxonomy":"category","embeddable":true,"href":"https:\/\/eldiariodesanpedro.com.ar\/sitio\/wp-json\/wp\/v2\/categories?post=98741"},{"taxonomy":"post_tag","embeddable":true,"href":"https:\/\/eldiariodesanpedro.com.ar\/sitio\/wp-json\/wp\/v2\/tags?post=98741"}],"curies":[{"name":"wp","href":"https:\/\/api.w.org\/{rel}","templated":true}]}}