{"id":98737,"date":"2021-09-10T10:30:45","date_gmt":"2021-09-10T13:30:45","guid":{"rendered":"https:\/\/eldiariodesanpedro.com.ar\/sitio\/?p=98737"},"modified":"2021-09-10T10:30:51","modified_gmt":"2021-09-10T13:30:51","slug":"violencia-de-genero-un-hombre-ataco-y-amenazo-con-un-cuchillo-a-su-ex-pareja","status":"publish","type":"post","link":"https:\/\/eldiariodesanpedro.com.ar\/sitio\/violencia-de-genero-un-hombre-ataco-y-amenazo-con-un-cuchillo-a-su-ex-pareja\/","title":{"rendered":"Violencia de g\u00e9nero: un hombre atac\u00f3 y amenaz\u00f3 con un cuchillo a su ex pareja"},"content":{"rendered":"<!-- VideographyWP Plugin Message: Automatic video embedding prevented by plugin options. -->\n\n<p>El pasado d\u00eda jueves siendo las 18 horas, la polic\u00eda alertada acudi\u00f3 a Pedro Cabrera al 500, donde procede a la aprehensi\u00f3n masculino de 53 a\u00f1os de edad y al secuestro de un cuchillo tipo serrucho, quien momentos previo agrede golpe pu\u00f1o a ex pareja femenina de 51 a\u00f1os de edad, a quien adem\u00e1s amenaz\u00f3 con dicha arma.&nbsp;<\/p>\n\n\n\n<p>V\u00edctima present\u00f3 lesiones de car\u00e1cter leves, radicando la denuncia correspondiente.<\/p>\n\n\n\n<p>El aprehendido permanece alojado en sede policial.<\/p>\n\n\n\n<figure class=\"wp-block-image size-full\"><img decoding=\"async\" width=\"777\" height=\"721\" data-attachment-id=\"98739\" data-permalink=\"https:\/\/eldiariodesanpedro.com.ar\/sitio\/violencia-de-genero-un-hombre-ataco-y-amenazo-con-un-cuchillo-a-su-ex-pareja\/whatsapp-image-2021-09-10-at-09-49-53\/\" data-orig-file=\"https:\/\/eldiariodesanpedro.com.ar\/sitio\/wp-content\/uploads\/2021\/09\/WhatsApp-Image-2021-09-10-at-09.49.53.jpeg\" data-orig-size=\"777,721\" data-comments-opened=\"0\" data-image-meta=\"{&quot;aperture&quot;:&quot;0&quot;,&quot;credit&quot;:&quot;&quot;,&quot;camera&quot;:&quot;&quot;,&quot;caption&quot;:&quot;&quot;,&quot;created_timestamp&quot;:&quot;0&quot;,&quot;copyright&quot;:&quot;&quot;,&quot;focal_length&quot;:&quot;0&quot;,&quot;iso&quot;:&quot;0&quot;,&quot;shutter_speed&quot;:&quot;0&quot;,&quot;title&quot;:&quot;&quot;,&quot;orientation&quot;:&quot;0&quot;}\" data-image-title=\"WhatsApp Image 2021-09-10 at 09.49.53\" data-image-description=\"\" data-image-caption=\"\" data-large-file=\"https:\/\/eldiariodesanpedro.com.ar\/sitio\/wp-content\/uploads\/2021\/09\/WhatsApp-Image-2021-09-10-at-09.49.53.jpeg\" data-src=\"https:\/\/eldiariodesanpedro.com.ar\/sitio\/wp-content\/uploads\/2021\/09\/WhatsApp-Image-2021-09-10-at-09.49.53.jpeg\" alt=\"\" class=\"wp-image-98739 lazyload\" data-srcset=\"https:\/\/eldiariodesanpedro.com.ar\/sitio\/wp-content\/uploads\/2021\/09\/WhatsApp-Image-2021-09-10-at-09.49.53.jpeg 777w, https:\/\/eldiariodesanpedro.com.ar\/sitio\/wp-content\/uploads\/2021\/09\/WhatsApp-Image-2021-09-10-at-09.49.53-300x278.jpeg 300w, https:\/\/eldiariodesanpedro.com.ar\/sitio\/wp-content\/uploads\/2021\/09\/WhatsApp-Image-2021-09-10-at-09.49.53-768x713.jpeg 768w\" data-sizes=\"(max-width: 777px) 100vw, 777px\" src=\"data:image\/svg+xml;base64,PHN2ZyB3aWR0aD0iMSIgaGVpZ2h0PSIxIiB4bWxucz0iaHR0cDovL3d3dy53My5vcmcvMjAwMC9zdmciPjwvc3ZnPg==\" style=\"--smush-placeholder-width: 777px; --smush-placeholder-aspect-ratio: 777\/721;\" \/><\/figure>\n","protected":false},"excerpt":{"rendered":"<p>El pasado d\u00eda jueves siendo las 18 horas, la polic\u00eda alertada acudi\u00f3 a Pedro Cabrera al 500, donde procede a la aprehensi\u00f3n masculino de 53 a\u00f1os de edad y al secuestro de un cuchillo tipo serrucho, quien momentos previo agrede golpe pu\u00f1o a ex pareja femenina de 51 a\u00f1os de edad, a quien adem\u00e1s amenaz\u00f3 [&hellip;]<\/p>\n","protected":false},"author":4,"featured_media":98738,"comment_status":"closed","ping_status":"closed","sticky":false,"template":"","format":"standard","meta":{"om_disable_all_campaigns":false,"_jetpack_memberships_contains_paid_content":false,"footnotes":""},"categories":[2,103],"tags":[],"class_list":["post-98737","post","type-post","status-publish","format-standard","has-post-thumbnail","hentry","category-locales","category-policiales-locales"],"aioseo_notices":[],"gutentor_comment":0,"jetpack_featured_media_url":"https:\/\/eldiariodesanpedro.com.ar\/sitio\/wp-content\/uploads\/2021\/09\/WhatsApp-Image-2021-09-10-at-09.49.52.jpeg","jetpack_shortlink":"https:\/\/wp.me\/p6RhLt-pGx","jetpack_sharing_enabled":true,"_links":{"self":[{"href":"https:\/\/eldiariodesanpedro.com.ar\/sitio\/wp-json\/wp\/v2\/posts\/98737","targetHints":{"allow":["GET"]}}],"collection":[{"href":"https:\/\/eldiariodesanpedro.com.ar\/sitio\/wp-json\/wp\/v2\/posts"}],"about":[{"href":"https:\/\/eldiariodesanpedro.com.ar\/sitio\/wp-json\/wp\/v2\/types\/post"}],"author":[{"embeddable":true,"href":"https:\/\/eldiariodesanpedro.com.ar\/sitio\/wp-json\/wp\/v2\/users\/4"}],"replies":[{"embeddable":true,"href":"https:\/\/eldiariodesanpedro.com.ar\/sitio\/wp-json\/wp\/v2\/comments?post=98737"}],"version-history":[{"count":1,"href":"https:\/\/eldiariodesanpedro.com.ar\/sitio\/wp-json\/wp\/v2\/posts\/98737\/revisions"}],"predecessor-version":[{"id":98740,"href":"https:\/\/eldiariodesanpedro.com.ar\/sitio\/wp-json\/wp\/v2\/posts\/98737\/revisions\/98740"}],"wp:featuredmedia":[{"embeddable":true,"href":"https:\/\/eldiariodesanpedro.com.ar\/sitio\/wp-json\/wp\/v2\/media\/98738"}],"wp:attachment":[{"href":"https:\/\/eldiariodesanpedro.com.ar\/sitio\/wp-json\/wp\/v2\/media?parent=98737"}],"wp:term":[{"taxonomy":"category","embeddable":true,"href":"https:\/\/eldiariodesanpedro.com.ar\/sitio\/wp-json\/wp\/v2\/categories?post=98737"},{"taxonomy":"post_tag","embeddable":true,"href":"https:\/\/eldiariodesanpedro.com.ar\/sitio\/wp-json\/wp\/v2\/tags?post=98737"}],"curies":[{"name":"wp","href":"https:\/\/api.w.org\/{rel}","templated":true}]}}