{"id":98715,"date":"2021-09-09T14:14:16","date_gmt":"2021-09-09T17:14:16","guid":{"rendered":"https:\/\/eldiariodesanpedro.com.ar\/sitio\/?p=98715"},"modified":"2021-09-09T14:14:21","modified_gmt":"2021-09-09T17:14:21","slug":"se-entregaran-150-pases-de-transporte-provinciales","status":"publish","type":"post","link":"https:\/\/eldiariodesanpedro.com.ar\/sitio\/se-entregaran-150-pases-de-transporte-provinciales\/","title":{"rendered":"Se entregar\u00e1n 150 Pases de Transporte Provinciales"},"content":{"rendered":"<!-- VideographyWP Plugin Message: Automatic video embedding prevented by plugin options. -->\n\n<p>El \u00e1rea de Discapacidad de la Secretar\u00eda de Desarrollo Humano informa que se recibieron 150 credenciales de pases de transporte provinciales que se estar\u00e1n entregando a partir de la fecha.<\/p>\n\n\n\n<p>Quienes hayan gestionado el pase de transporte provincial cuando realizaron el Certificado \u00danico de Discapacidad o el DNI, podr\u00e1n consultar en la Secretar\u00eda de Desarrollo Humano para retirar su pase.<\/p>\n","protected":false},"excerpt":{"rendered":"<p>El \u00e1rea de Discapacidad de la Secretar\u00eda de Desarrollo Humano informa que se recibieron 150 credenciales de pases de transporte provinciales que se estar\u00e1n entregando a partir de la fecha. Quienes hayan gestionado el pase de transporte provincial cuando realizaron el Certificado \u00danico de Discapacidad o el DNI, podr\u00e1n consultar en la Secretar\u00eda de Desarrollo [&hellip;]<\/p>\n","protected":false},"author":4,"featured_media":98716,"comment_status":"closed","ping_status":"closed","sticky":false,"template":"","format":"standard","meta":{"om_disable_all_campaigns":false,"_jetpack_memberships_contains_paid_content":false,"footnotes":""},"categories":[101,2],"tags":[197,33,19],"class_list":["post-98715","post","type-post","status-publish","format-standard","has-post-thumbnail","hentry","category-interes-general-locales","category-locales","tag-buenos-aires","tag-locales","tag-san-pedro"],"aioseo_notices":[],"gutentor_comment":0,"jetpack_featured_media_url":"https:\/\/eldiariodesanpedro.com.ar\/sitio\/wp-content\/uploads\/2021\/09\/credencial-cucaiba.jpeg","jetpack_shortlink":"https:\/\/wp.me\/p6RhLt-pGb","jetpack_sharing_enabled":true,"_links":{"self":[{"href":"https:\/\/eldiariodesanpedro.com.ar\/sitio\/wp-json\/wp\/v2\/posts\/98715","targetHints":{"allow":["GET"]}}],"collection":[{"href":"https:\/\/eldiariodesanpedro.com.ar\/sitio\/wp-json\/wp\/v2\/posts"}],"about":[{"href":"https:\/\/eldiariodesanpedro.com.ar\/sitio\/wp-json\/wp\/v2\/types\/post"}],"author":[{"embeddable":true,"href":"https:\/\/eldiariodesanpedro.com.ar\/sitio\/wp-json\/wp\/v2\/users\/4"}],"replies":[{"embeddable":true,"href":"https:\/\/eldiariodesanpedro.com.ar\/sitio\/wp-json\/wp\/v2\/comments?post=98715"}],"version-history":[{"count":1,"href":"https:\/\/eldiariodesanpedro.com.ar\/sitio\/wp-json\/wp\/v2\/posts\/98715\/revisions"}],"predecessor-version":[{"id":98717,"href":"https:\/\/eldiariodesanpedro.com.ar\/sitio\/wp-json\/wp\/v2\/posts\/98715\/revisions\/98717"}],"wp:featuredmedia":[{"embeddable":true,"href":"https:\/\/eldiariodesanpedro.com.ar\/sitio\/wp-json\/wp\/v2\/media\/98716"}],"wp:attachment":[{"href":"https:\/\/eldiariodesanpedro.com.ar\/sitio\/wp-json\/wp\/v2\/media?parent=98715"}],"wp:term":[{"taxonomy":"category","embeddable":true,"href":"https:\/\/eldiariodesanpedro.com.ar\/sitio\/wp-json\/wp\/v2\/categories?post=98715"},{"taxonomy":"post_tag","embeddable":true,"href":"https:\/\/eldiariodesanpedro.com.ar\/sitio\/wp-json\/wp\/v2\/tags?post=98715"}],"curies":[{"name":"wp","href":"https:\/\/api.w.org\/{rel}","templated":true}]}}