{"id":98700,"date":"2021-09-09T10:56:42","date_gmt":"2021-09-09T13:56:42","guid":{"rendered":"https:\/\/eldiariodesanpedro.com.ar\/sitio\/?p=98700"},"modified":"2021-09-09T10:56:46","modified_gmt":"2021-09-09T13:56:46","slug":"reuniones-de-organizacion-para-el-regreso-de-la-fiesta-de-las-colectividades","status":"publish","type":"post","link":"https:\/\/eldiariodesanpedro.com.ar\/sitio\/reuniones-de-organizacion-para-el-regreso-de-la-fiesta-de-las-colectividades\/","title":{"rendered":"Reuniones de organizaci\u00f3n para el regreso de la Fiesta de las Colectividades"},"content":{"rendered":"<!-- VideographyWP Plugin Message: Automatic video embedding prevented by plugin options. -->\n\n<p>En el Centro Cultural Abelardo Castillo se concret\u00f3 una nueva reuni\u00f3n de organizaci\u00f3n para el regreso de la Fiesta de las Colectividades que se prepara para el fin de semana largo del 9 al 11 de octubre en el Paseo P\u00fablico Municipal. De acuerdo a lo dispuesto por el gobierno nacional, ese fin de semana comenzar\u00e1 con el viernes 8 (decretado como feriado con fines tur\u00edsticos) y se extender\u00e1 hasta el lunes 11, adelantando el martes 12, \u00abD\u00eda Del Respeto A La Diversidad Cultural\u00bb.<\/p>\n\n\n\n<p>Contemplando todos los protocolos vigentes para los encuentros en espacios al aire libre, desde el \u00e1rea a cargo de Marcela Cu\u00f1er se iniciaron las charlas con representantes de colectividades que ya han participado en otras ediciones y se han cursado invitaciones a grupos que estuvieron en otras ediciones o que podr\u00edan tener su primera participaci\u00f3n.<\/p>\n\n\n\n<p>La Fiesta de las Colectividades ser\u00e1 el primer evento de estas caracter\u00edsticas que volver\u00e1 a organizarse en el Paseo P\u00fablico tras el par\u00e9ntesis impuesto por la etapa cr\u00edtica de la Pandemia de Covid-19 que comenz\u00f3 en Marzo del 2020.<\/p>\n\n\n\n<p>En los pr\u00f3ximos d\u00edas se realizar\u00e1n los anuncios oficiales con el detalle de las actividades previstas, las colectividades participantes y el resto de la agenda tur\u00edstica y cultural para ese fin de semana.<\/p>\n\n\n\n<figure class=\"wp-block-image size-large\"><img decoding=\"async\" width=\"1024\" height=\"779\" data-attachment-id=\"98703\" data-permalink=\"https:\/\/eldiariodesanpedro.com.ar\/sitio\/reuniones-de-organizacion-para-el-regreso-de-la-fiesta-de-las-colectividades\/whatsapp-image-2021-09-09-at-08-37-22-1\/\" data-orig-file=\"https:\/\/eldiariodesanpedro.com.ar\/sitio\/wp-content\/uploads\/2021\/09\/WhatsApp-Image-2021-09-09-at-08.37.22-1-1.jpeg\" data-orig-size=\"1280,974\" data-comments-opened=\"0\" data-image-meta=\"{&quot;aperture&quot;:&quot;0&quot;,&quot;credit&quot;:&quot;&quot;,&quot;camera&quot;:&quot;&quot;,&quot;caption&quot;:&quot;&quot;,&quot;created_timestamp&quot;:&quot;0&quot;,&quot;copyright&quot;:&quot;&quot;,&quot;focal_length&quot;:&quot;0&quot;,&quot;iso&quot;:&quot;0&quot;,&quot;shutter_speed&quot;:&quot;0&quot;,&quot;title&quot;:&quot;&quot;,&quot;orientation&quot;:&quot;0&quot;}\" data-image-title=\"WhatsApp Image 2021-09-09 at 08.37.22 (1)\" data-image-description=\"\" data-image-caption=\"\" data-large-file=\"https:\/\/eldiariodesanpedro.com.ar\/sitio\/wp-content\/uploads\/2021\/09\/WhatsApp-Image-2021-09-09-at-08.37.22-1-1-1024x779.jpeg\" data-src=\"https:\/\/eldiariodesanpedro.com.ar\/sitio\/wp-content\/uploads\/2021\/09\/WhatsApp-Image-2021-09-09-at-08.37.22-1-1-1024x779.jpeg\" alt=\"\" class=\"wp-image-98703 lazyload\" data-srcset=\"https:\/\/eldiariodesanpedro.com.ar\/sitio\/wp-content\/uploads\/2021\/09\/WhatsApp-Image-2021-09-09-at-08.37.22-1-1-1024x779.jpeg 1024w, https:\/\/eldiariodesanpedro.com.ar\/sitio\/wp-content\/uploads\/2021\/09\/WhatsApp-Image-2021-09-09-at-08.37.22-1-1-300x228.jpeg 300w, https:\/\/eldiariodesanpedro.com.ar\/sitio\/wp-content\/uploads\/2021\/09\/WhatsApp-Image-2021-09-09-at-08.37.22-1-1-768x584.jpeg 768w, https:\/\/eldiariodesanpedro.com.ar\/sitio\/wp-content\/uploads\/2021\/09\/WhatsApp-Image-2021-09-09-at-08.37.22-1-1.jpeg 1280w\" data-sizes=\"(max-width: 1024px) 100vw, 1024px\" src=\"data:image\/svg+xml;base64,PHN2ZyB3aWR0aD0iMSIgaGVpZ2h0PSIxIiB4bWxucz0iaHR0cDovL3d3dy53My5vcmcvMjAwMC9zdmciPjwvc3ZnPg==\" style=\"--smush-placeholder-width: 1024px; --smush-placeholder-aspect-ratio: 1024\/779;\" \/><\/figure>\n","protected":false},"excerpt":{"rendered":"<p>En el Centro Cultural Abelardo Castillo se concret\u00f3 una nueva reuni\u00f3n de organizaci\u00f3n para el regreso de la Fiesta de las Colectividades que se prepara para el fin de semana largo del 9 al 11 de octubre en el Paseo P\u00fablico Municipal. De acuerdo a lo dispuesto por el gobierno nacional, ese fin de semana [&hellip;]<\/p>\n","protected":false},"author":4,"featured_media":98701,"comment_status":"closed","ping_status":"closed","sticky":false,"template":"","format":"standard","meta":{"om_disable_all_campaigns":false,"_jetpack_memberships_contains_paid_content":false,"footnotes":""},"categories":[50,101,2],"tags":[],"class_list":["post-98700","post","type-post","status-publish","format-standard","has-post-thumbnail","hentry","category-destacadas","category-interes-general-locales","category-locales"],"aioseo_notices":[],"gutentor_comment":0,"jetpack_featured_media_url":"https:\/\/eldiariodesanpedro.com.ar\/sitio\/wp-content\/uploads\/2021\/09\/WhatsApp-Image-2021-09-09-at-08.37.22.jpeg","jetpack_shortlink":"https:\/\/wp.me\/p6RhLt-pFW","jetpack_sharing_enabled":true,"_links":{"self":[{"href":"https:\/\/eldiariodesanpedro.com.ar\/sitio\/wp-json\/wp\/v2\/posts\/98700","targetHints":{"allow":["GET"]}}],"collection":[{"href":"https:\/\/eldiariodesanpedro.com.ar\/sitio\/wp-json\/wp\/v2\/posts"}],"about":[{"href":"https:\/\/eldiariodesanpedro.com.ar\/sitio\/wp-json\/wp\/v2\/types\/post"}],"author":[{"embeddable":true,"href":"https:\/\/eldiariodesanpedro.com.ar\/sitio\/wp-json\/wp\/v2\/users\/4"}],"replies":[{"embeddable":true,"href":"https:\/\/eldiariodesanpedro.com.ar\/sitio\/wp-json\/wp\/v2\/comments?post=98700"}],"version-history":[{"count":1,"href":"https:\/\/eldiariodesanpedro.com.ar\/sitio\/wp-json\/wp\/v2\/posts\/98700\/revisions"}],"predecessor-version":[{"id":98704,"href":"https:\/\/eldiariodesanpedro.com.ar\/sitio\/wp-json\/wp\/v2\/posts\/98700\/revisions\/98704"}],"wp:featuredmedia":[{"embeddable":true,"href":"https:\/\/eldiariodesanpedro.com.ar\/sitio\/wp-json\/wp\/v2\/media\/98701"}],"wp:attachment":[{"href":"https:\/\/eldiariodesanpedro.com.ar\/sitio\/wp-json\/wp\/v2\/media?parent=98700"}],"wp:term":[{"taxonomy":"category","embeddable":true,"href":"https:\/\/eldiariodesanpedro.com.ar\/sitio\/wp-json\/wp\/v2\/categories?post=98700"},{"taxonomy":"post_tag","embeddable":true,"href":"https:\/\/eldiariodesanpedro.com.ar\/sitio\/wp-json\/wp\/v2\/tags?post=98700"}],"curies":[{"name":"wp","href":"https:\/\/api.w.org\/{rel}","templated":true}]}}