{"id":98697,"date":"2021-09-09T10:26:32","date_gmt":"2021-09-09T13:26:32","guid":{"rendered":"https:\/\/eldiariodesanpedro.com.ar\/sitio\/?p=98697"},"modified":"2021-09-09T10:26:36","modified_gmt":"2021-09-09T13:26:36","slug":"las-escuelas-de-provincia-comienzan-las-clases-los-sabados","status":"publish","type":"post","link":"https:\/\/eldiariodesanpedro.com.ar\/sitio\/las-escuelas-de-provincia-comienzan-las-clases-los-sabados\/","title":{"rendered":"Las escuelas de Provincia comienzan las clases los s\u00e1bados"},"content":{"rendered":"<!-- VideographyWP Plugin Message: Automatic video embedding prevented by plugin options. -->\n\n<p>Se trata de la puesta en marcha del programa de refuerzo educativo en las escuelas bonaerenses para aquellos estudiantes que necesiten mayor apoyo.<\/p>\n\n\n\n<p>Desde el Gobierno bonaerense informaron que comenzar\u00e1 a funcionar el Programa para la Intensificaci\u00f3n de la Ense\u00f1anza +ATR, a trav\u00e9s del que\u00a0<strong>se dictar\u00e1n\u00a0clases presenciales\u00a0los s\u00e1bados y a contraturno\u00a0<\/strong>en las\u00a0<strong>escuelas<\/strong>\u00a0para quienes necesiten apoyo educativo extra.<\/p>\n\n\n\n<p>Mediante una carta enviada a las familias de alumnos de escuelas primarias y secundarias, desde la\u00a0Direcci\u00f3n General de Cultura y Educaci\u00f3n\u00a0informaron que comenzar\u00e1n a brindar nuevas actividades presenciales \u00abpara continuar fortaleciendo la ense\u00f1anza y acompa\u00f1ar mejor los aprendizajes\u00bb.<\/p>\n\n\n\n<p>El Programa de apoyo&nbsp;<strong>est\u00e1 destinado a los m\u00e1s de 4 millones de estudiantes de inicial, primaria y secundaria<\/strong>&nbsp;de la provincia de Buenos Aires y alcanza tanto a los estudiantes con trayectorias educativas m\u00e1s vulnerables, como a quienes requieren afianzar aprendizajes o rendir materias previas.<\/p>\n\n\n\n<p><strong>Son 39 mil las y los docentes que se integrar\u00e1n a los equipos de trabajo<\/strong>&nbsp;de las escuelas por lo que se abonar\u00e1 un suplemento adicional salarial para los auxiliares, que posibilitar\u00e1n el desarrollo de las actividades escolares de los d\u00edas s\u00e1bado.<\/p>\n\n\n\n<p><strong>\u00abTeniendo en cuenta los tiempos de aprendizaje y las particularidades de cada estudiante, en estos espacios se ense\u00f1ar\u00e1n contenidos escolares que, debido a la pandemia, son necesarios retomar o para profundizar\u00bb<\/strong>, se destac\u00f3 desde la Direcci\u00f3n General.<\/p>\n\n\n\n<p>Cabe recordar que estas actividades se desarrollar\u00e1n en primaria desde septiembre hasta el 20 de diciembre y desde el 1 de febrero al 4 de marzo de 2022; mientras que en secundaria desde septiembre hasta el 17 de diciembre y desde el 1\u00b0 de febrero al 4 de marzo de 2022.<\/p>\n\n\n\n<p><strong>\u00abPor m\u00e1s que hayan alcanzado los saberes necesarios, entendemos que quienes comenzaron a transitar el nivel primario durante la pandemia necesita m\u00e1s tiempo en la escuela para ganar seguridad sobre lo aprendido y para fortalecer su v\u00ednculo con las y los docentes y sus compa\u00f1eros y compa\u00f1eras\u00bb<\/strong>, se\u00f1alaron.<\/p>\n\n\n\n<p>Para los estudiantes de primero y segundo grado, se organizar\u00e1n talleres de lectura, escritura y matem\u00e1tica, mientras que para los otros a\u00f1os del nivel primario, en algunas circunstancias, las clases a contraturno y de los s\u00e1bados ser\u00e1n obligatorias y condici\u00f3n necesaria para garantizar el aprendizaje de los contenidos previstos para el 2020 y el 2021 y promocionar el a\u00f1o.<\/p>\n\n\n\n<p>Con respecto al nivel secundario, se aclar\u00f3 que tambi\u00e9n se crearon espacios presenciales para intensificar la ense\u00f1anza de las \u00e1reas curriculares destinados a todos los estudiantes que a\u00fan no lograron adquirir los saberes previstos en el curr\u00edculum prioritario, incluso quienes tienen una o dos \u201cmaterias previas\u201d.<\/p>\n\n\n\n<p>Por \u00faltimo, se inform\u00f3 a las familias que durante el mes de enero, los alumnos podr\u00e1n participar de la propuesta de ense\u00f1anza, juego y recreaci\u00f3n que se realizar\u00e1n en escuelas, clubes y predios deportivos.<\/p>\n\n\n\n<p><a href=\"https:\/\/media.infocielo.com\/p\/34d6619e66c0212c3d53f86483c11fa6\/adjuntos\/299\/imagenes\/001\/031\/0001031796\/1611676004_000299_1611676845_noticia_normal-1jpg.jpg\"><\/a><\/p>\n","protected":false},"excerpt":{"rendered":"<p>Se trata de la puesta en marcha del programa de refuerzo educativo en las escuelas bonaerenses para aquellos estudiantes que necesiten mayor apoyo. Desde el Gobierno bonaerense informaron que comenzar\u00e1 a funcionar el Programa para la Intensificaci\u00f3n de la Ense\u00f1anza +ATR, a trav\u00e9s del que\u00a0se dictar\u00e1n\u00a0clases presenciales\u00a0los s\u00e1bados y a contraturno\u00a0en las\u00a0escuelas\u00a0para quienes necesiten apoyo [&hellip;]<\/p>\n","protected":false},"author":4,"featured_media":98698,"comment_status":"closed","ping_status":"closed","sticky":false,"template":"","format":"standard","meta":{"om_disable_all_campaigns":false,"_jetpack_memberships_contains_paid_content":false,"footnotes":""},"categories":[621],"tags":[197,696,33,681,19],"class_list":["post-98697","post","type-post","status-publish","format-standard","has-post-thumbnail","hentry","category-regionales","tag-buenos-aires","tag-interes-general","tag-locales","tag-regionales","tag-san-pedro"],"aioseo_notices":[],"gutentor_comment":0,"jetpack_featured_media_url":"https:\/\/eldiariodesanpedro.com.ar\/sitio\/wp-content\/uploads\/2021\/09\/1611676004_000299_1611676845_noticia_normal-1jpg.jpg","jetpack_shortlink":"https:\/\/wp.me\/p6RhLt-pFT","jetpack_sharing_enabled":true,"_links":{"self":[{"href":"https:\/\/eldiariodesanpedro.com.ar\/sitio\/wp-json\/wp\/v2\/posts\/98697","targetHints":{"allow":["GET"]}}],"collection":[{"href":"https:\/\/eldiariodesanpedro.com.ar\/sitio\/wp-json\/wp\/v2\/posts"}],"about":[{"href":"https:\/\/eldiariodesanpedro.com.ar\/sitio\/wp-json\/wp\/v2\/types\/post"}],"author":[{"embeddable":true,"href":"https:\/\/eldiariodesanpedro.com.ar\/sitio\/wp-json\/wp\/v2\/users\/4"}],"replies":[{"embeddable":true,"href":"https:\/\/eldiariodesanpedro.com.ar\/sitio\/wp-json\/wp\/v2\/comments?post=98697"}],"version-history":[{"count":1,"href":"https:\/\/eldiariodesanpedro.com.ar\/sitio\/wp-json\/wp\/v2\/posts\/98697\/revisions"}],"predecessor-version":[{"id":98699,"href":"https:\/\/eldiariodesanpedro.com.ar\/sitio\/wp-json\/wp\/v2\/posts\/98697\/revisions\/98699"}],"wp:featuredmedia":[{"embeddable":true,"href":"https:\/\/eldiariodesanpedro.com.ar\/sitio\/wp-json\/wp\/v2\/media\/98698"}],"wp:attachment":[{"href":"https:\/\/eldiariodesanpedro.com.ar\/sitio\/wp-json\/wp\/v2\/media?parent=98697"}],"wp:term":[{"taxonomy":"category","embeddable":true,"href":"https:\/\/eldiariodesanpedro.com.ar\/sitio\/wp-json\/wp\/v2\/categories?post=98697"},{"taxonomy":"post_tag","embeddable":true,"href":"https:\/\/eldiariodesanpedro.com.ar\/sitio\/wp-json\/wp\/v2\/tags?post=98697"}],"curies":[{"name":"wp","href":"https:\/\/api.w.org\/{rel}","templated":true}]}}