{"id":98693,"date":"2021-09-09T10:09:27","date_gmt":"2021-09-09T13:09:27","guid":{"rendered":"https:\/\/eldiariodesanpedro.com.ar\/sitio\/?p=98693"},"modified":"2021-09-09T10:09:31","modified_gmt":"2021-09-09T13:09:31","slug":"alerta-por-vientos-la-provincia-bajo-la-advertencia-del-smn","status":"publish","type":"post","link":"https:\/\/eldiariodesanpedro.com.ar\/sitio\/alerta-por-vientos-la-provincia-bajo-la-advertencia-del-smn\/","title":{"rendered":"Alerta por vientos: la Provincia bajo la advertencia del SMN"},"content":{"rendered":"<!-- VideographyWP Plugin Message: Automatic video embedding prevented by plugin options. -->\n\n<p>El SMN renov\u00f3 el alerta meteorol\u00f3gico para m\u00e1s de la mitad de la provincia de Buenos Aires. Mir\u00e1 qu\u00e9 zonas se ver\u00e1n afectadas por vientos fuertes.<\/p>\n\n\n\n<p>En la provincia de Buenos Aires el jueves 9 de septiembre comenz\u00f3 con una nueva advertencia del\u00a0<strong>Servicio Meteorol\u00f3gico Nacional (SMN)\u00a0<\/strong>por mal tiempo en m\u00e1s de la mitad del territorio. Desde la madrugada de hoy rige un\u00a0<strong>alerta<\/strong>\u00a0meteorol\u00f3gico por vientos fuertes que alcanza el nivel amarillo.<\/p>\n\n\n\n<p>Sin embargo, el sistema de alerta temprana confirma que los vientos m\u00e1s fuertes continuar\u00e1n present\u00e1ndose sobre los sectores costeros del este y sudeste de la provincia de Buenos Aires.<\/p>\n\n\n\n<p>Tal como se preve\u00eda, el avance de tormentas con abundantes lluvias y fuertes r\u00e1fagas de viento provoc\u00f3 destrozos y anegamientos en buena parte del Este de la provincia de Buenos Aires. El fen\u00f3meno que comenz\u00f3 ayer alrededor de las 19, caus\u00f3 suspensi\u00f3n de las clases en algunos distritos del este de la Provincia y hubo familias evacuadas, accesos cerrados y ca\u00edda de \u00e1rboles en ciudades como Ayacucho y los municipios de la costa bonaerense.<\/p>\n\n\n\n<p>En la ciudad de La Plata -capital de la Provincia- as\u00ed como en todo el Gran Buenos Aires, el alerta amarillo del SMN advierte este jueves por vientos fuertes que afectan la regi\u00f3n desde la madrugada, aunque el mal tiempo ya lleva d\u00edas instalado. Tras la tormenta, el \u00e1rea ser\u00e1 afectada por vientos del sudeste cambiando progresivamente al sur o sudoeste, con velocidades entre 35 y 50 km\/h y r\u00e1fagas que podr\u00edan alcanzar intensidades entre 60 y 90 km\/h.<\/p>\n\n\n\n<p>La regi\u00f3n permanecer\u00e1 hasta la tarde del jueves con estas condiciones meteorol\u00f3gicas adversas: el\u00a0pron\u00f3stico\u00a0anuncia lluvias constantes y algunas tormentas.<\/p>\n\n\n\n<p>El alerta por vientos fuertes tambi\u00e9n afecta al norte de la Provincia tras varios d\u00edas de lluvias y tormentas, seg\u00fan indica el SMN. El pron\u00f3stico anuncia que el mal tiempo continuar\u00e1 hasta el jueves a la tarde, y el alerta advierte que el \u00e1rea ser\u00e1 afectada por vientos del sudeste cambiando progresivamente al sur o sudoeste, con velocidades entre 35 y 50 km\/h y r\u00e1fagas que podr\u00edan alcanzar intensidades entre 60 y 90 km\/h.<\/p>\n\n\n\n<p>La regi\u00f3n sur de la Provincia tambi\u00e9n se encuentra este mi\u00e9rcoles en alerta meteorol\u00f3gico amarillo por vientos fuertes. Estas condiciones meteorol\u00f3gicas permanecer\u00e1n hasta hoy por la tarde, seg\u00fan advierte el pron\u00f3stico del SMN.<\/p>\n\n\n\n<figure class=\"wp-block-image size-large\"><img decoding=\"async\" width=\"875\" height=\"1024\" data-attachment-id=\"98695\" data-permalink=\"https:\/\/eldiariodesanpedro.com.ar\/sitio\/alerta-por-vientos-la-provincia-bajo-la-advertencia-del-smn\/imagepng-2\/\" data-orig-file=\"https:\/\/eldiariodesanpedro.com.ar\/sitio\/wp-content\/uploads\/2021\/09\/imagepng.png\" data-orig-size=\"887,1038\" data-comments-opened=\"0\" data-image-meta=\"{&quot;aperture&quot;:&quot;0&quot;,&quot;credit&quot;:&quot;&quot;,&quot;camera&quot;:&quot;&quot;,&quot;caption&quot;:&quot;&quot;,&quot;created_timestamp&quot;:&quot;0&quot;,&quot;copyright&quot;:&quot;&quot;,&quot;focal_length&quot;:&quot;0&quot;,&quot;iso&quot;:&quot;0&quot;,&quot;shutter_speed&quot;:&quot;0&quot;,&quot;title&quot;:&quot;&quot;,&quot;orientation&quot;:&quot;0&quot;}\" data-image-title=\"imagepng\" data-image-description=\"\" data-image-caption=\"\" data-large-file=\"https:\/\/eldiariodesanpedro.com.ar\/sitio\/wp-content\/uploads\/2021\/09\/imagepng-875x1024.png\" data-src=\"https:\/\/eldiariodesanpedro.com.ar\/sitio\/wp-content\/uploads\/2021\/09\/imagepng-875x1024.png\" alt=\"\" class=\"wp-image-98695 lazyload\" data-srcset=\"https:\/\/eldiariodesanpedro.com.ar\/sitio\/wp-content\/uploads\/2021\/09\/imagepng-875x1024.png 875w, https:\/\/eldiariodesanpedro.com.ar\/sitio\/wp-content\/uploads\/2021\/09\/imagepng-256x300.png 256w, https:\/\/eldiariodesanpedro.com.ar\/sitio\/wp-content\/uploads\/2021\/09\/imagepng-768x899.png 768w, https:\/\/eldiariodesanpedro.com.ar\/sitio\/wp-content\/uploads\/2021\/09\/imagepng.png 887w\" data-sizes=\"(max-width: 875px) 100vw, 875px\" src=\"data:image\/svg+xml;base64,PHN2ZyB3aWR0aD0iMSIgaGVpZ2h0PSIxIiB4bWxucz0iaHR0cDovL3d3dy53My5vcmcvMjAwMC9zdmciPjwvc3ZnPg==\" style=\"--smush-placeholder-width: 875px; --smush-placeholder-aspect-ratio: 875\/1024;\" \/><\/figure>\n\n\n\n<p><a href=\"https:\/\/media.infocielo.com\/p\/6174fb1c3fd59b923884605c6a25c070\/adjuntos\/299\/imagenes\/000\/993\/0000993395\/voladura-techojpg.jpg\"><\/a><\/p>\n","protected":false},"excerpt":{"rendered":"<p>El SMN renov\u00f3 el alerta meteorol\u00f3gico para m\u00e1s de la mitad de la provincia de Buenos Aires. Mir\u00e1 qu\u00e9 zonas se ver\u00e1n afectadas por vientos fuertes. En la provincia de Buenos Aires el jueves 9 de septiembre comenz\u00f3 con una nueva advertencia del\u00a0Servicio Meteorol\u00f3gico Nacional (SMN)\u00a0por mal tiempo en m\u00e1s de la mitad del territorio. [&hellip;]<\/p>\n","protected":false},"author":4,"featured_media":98694,"comment_status":"closed","ping_status":"closed","sticky":false,"template":"","format":"standard","meta":{"om_disable_all_campaigns":false,"_jetpack_memberships_contains_paid_content":false,"footnotes":""},"categories":[101,2],"tags":[],"class_list":["post-98693","post","type-post","status-publish","format-standard","has-post-thumbnail","hentry","category-interes-general-locales","category-locales"],"aioseo_notices":[],"gutentor_comment":0,"jetpack_featured_media_url":"https:\/\/eldiariodesanpedro.com.ar\/sitio\/wp-content\/uploads\/2021\/09\/voladura-techojpg.jpg","jetpack_shortlink":"https:\/\/wp.me\/p6RhLt-pFP","jetpack_sharing_enabled":true,"_links":{"self":[{"href":"https:\/\/eldiariodesanpedro.com.ar\/sitio\/wp-json\/wp\/v2\/posts\/98693","targetHints":{"allow":["GET"]}}],"collection":[{"href":"https:\/\/eldiariodesanpedro.com.ar\/sitio\/wp-json\/wp\/v2\/posts"}],"about":[{"href":"https:\/\/eldiariodesanpedro.com.ar\/sitio\/wp-json\/wp\/v2\/types\/post"}],"author":[{"embeddable":true,"href":"https:\/\/eldiariodesanpedro.com.ar\/sitio\/wp-json\/wp\/v2\/users\/4"}],"replies":[{"embeddable":true,"href":"https:\/\/eldiariodesanpedro.com.ar\/sitio\/wp-json\/wp\/v2\/comments?post=98693"}],"version-history":[{"count":1,"href":"https:\/\/eldiariodesanpedro.com.ar\/sitio\/wp-json\/wp\/v2\/posts\/98693\/revisions"}],"predecessor-version":[{"id":98696,"href":"https:\/\/eldiariodesanpedro.com.ar\/sitio\/wp-json\/wp\/v2\/posts\/98693\/revisions\/98696"}],"wp:featuredmedia":[{"embeddable":true,"href":"https:\/\/eldiariodesanpedro.com.ar\/sitio\/wp-json\/wp\/v2\/media\/98694"}],"wp:attachment":[{"href":"https:\/\/eldiariodesanpedro.com.ar\/sitio\/wp-json\/wp\/v2\/media?parent=98693"}],"wp:term":[{"taxonomy":"category","embeddable":true,"href":"https:\/\/eldiariodesanpedro.com.ar\/sitio\/wp-json\/wp\/v2\/categories?post=98693"},{"taxonomy":"post_tag","embeddable":true,"href":"https:\/\/eldiariodesanpedro.com.ar\/sitio\/wp-json\/wp\/v2\/tags?post=98693"}],"curies":[{"name":"wp","href":"https:\/\/api.w.org\/{rel}","templated":true}]}}